{"id":44010,"date":"2026-03-17T22:18:59","date_gmt":"2026-03-18T01:18:59","guid":{"rendered":"https:\/\/zapala8340.com.ar\/?p=44010"},"modified":"2026-03-17T22:19:00","modified_gmt":"2026-03-18T01:19:00","slug":"sin-responder-preguntas-cristina-kirchner-critico-al-poder-judicial-en-la-causa-cuadernos-me-puedo-morir-presa","status":"publish","type":"post","link":"https:\/\/zapala8340.com.ar\/?p=44010","title":{"rendered":"Sin responder preguntas, Cristina Kirchner critic\u00f3 al Poder Judicial en la causa Cuadernos: \u2018Me puedo morir presa\u2019"},"content":{"rendered":"\n<p>La expresidenta <strong>Cristina Fern\u00e1ndez de Kirchner<\/strong> se present\u00f3 este martes ante el <strong>Tribunal Oral Federal 7<\/strong> para declarar en el juicio por los Cuadernos de la Corrupci\u00f3n, donde est\u00e1 acusada de liderar una asociaci\u00f3n il\u00edcita que habr\u00eda recaudado sobornos de empresas vinculadas a la obra p\u00fablica durante su gobierno.<\/p>\n\n\n\n<p>Kirchner, en condici\u00f3n de imputada, opt\u00f3 por no responder preguntas y realiz\u00f3 un extenso discurso de alto contenido pol\u00edtico. En su exposici\u00f3n cuestion\u00f3 a jueces y fiscales, en particular al fiscal <strong>Carlos Stornelli<\/strong>, responsable de la etapa de instrucci\u00f3n.<\/p>\n\n\n\n<p>La exmandataria denunci\u00f3 que una \u201cmafia\u201d presion\u00f3 a empresarios para declarar en su contra y calific\u00f3 la investigaci\u00f3n como un \u201cdisparate\u201d. \u201cCon este Poder Judicial me puedo morir presa\u201d, afirm\u00f3 antes de concluir su intervenci\u00f3n, tras lo cual pidi\u00f3 retirarse de la sala sin escuchar al resto de los imputados, entre ellos el exministro de Planificaci\u00f3n <strong>Julio De Vido<\/strong>.<\/p>\n\n\n\n<p><\/p>\n\n\n\n<p>Durante su declaraci\u00f3n, Kirchner tambi\u00e9n apunt\u00f3 contra el presidente <strong>Javier Milei<\/strong>, a quien acus\u00f3 de violar la Constituci\u00f3n al asegurar en la apertura de sesiones ordinarias del Congreso que ella continuar\u00e1 presa.<\/p>\n\n\n\n<p><\/p>\n\n\n\n<p>Tras la audiencia, la expresidenta regres\u00f3 a su departamento en la calle San Jos\u00e9, donde fue acompa\u00f1ada por su hijo <strong>M\u00e1ximo Kirchner<\/strong> y dirigentes de su entorno. Militantes se acercaron a saludarla en la puerta de su casa, en una jornada marcada por la tensi\u00f3n pol\u00edtica y judicial.<\/p>\n","protected":false},"excerpt":{"rendered":"<p>La expresidenta Cristina Fern\u00e1ndez de Kirchner se present\u00f3 este martes ante el Tribunal Oral Federal&#8230;<\/p>\n","protected":false},"author":1,"featured_media":44011,"comment_status":"open","ping_status":"open","sticky":false,"template":"","format":"standard","meta":{"footnotes":""},"categories":[131,16],"tags":[],"class_list":["post-44010","post","type-post","status-publish","format-standard","has-post-thumbnail","hentry","category-judiciales","category-politica"],"_links":{"self":[{"href":"https:\/\/zapala8340.com.ar\/index.php?rest_route=\/wp\/v2\/posts\/44010"}],"collection":[{"href":"https:\/\/zapala8340.com.ar\/index.php?rest_route=\/wp\/v2\/posts"}],"about":[{"href":"https:\/\/zapala8340.com.ar\/index.php?rest_route=\/wp\/v2\/types\/post"}],"author":[{"embeddable":true,"href":"https:\/\/zapala8340.com.ar\/index.php?rest_route=\/wp\/v2\/users\/1"}],"replies":[{"embeddable":true,"href":"https:\/\/zapala8340.com.ar\/index.php?rest_route=%2Fwp%2Fv2%2Fcomments&post=44010"}],"version-history":[{"count":1,"href":"https:\/\/zapala8340.com.ar\/index.php?rest_route=\/wp\/v2\/posts\/44010\/revisions"}],"predecessor-version":[{"id":44012,"href":"https:\/\/zapala8340.com.ar\/index.php?rest_route=\/wp\/v2\/posts\/44010\/revisions\/44012"}],"wp:featuredmedia":[{"embeddable":true,"href":"https:\/\/zapala8340.com.ar\/index.php?rest_route=\/wp\/v2\/media\/44011"}],"wp:attachment":[{"href":"https:\/\/zapala8340.com.ar\/index.php?rest_route=%2Fwp%2Fv2%2Fmedia&parent=44010"}],"wp:term":[{"taxonomy":"category","embeddable":true,"href":"https:\/\/zapala8340.com.ar\/index.php?rest_route=%2Fwp%2Fv2%2Fcategories&post=44010"},{"taxonomy":"post_tag","embeddable":true,"href":"https:\/\/zapala8340.com.ar\/index.php?rest_route=%2Fwp%2Fv2%2Ftags&post=44010"}],"curies":[{"name":"wp","href":"https:\/\/api.w.org\/{rel}","templated":true}]}}