{"id":44021,"date":"2026-03-18T18:53:11","date_gmt":"2026-03-18T21:53:11","guid":{"rendered":"https:\/\/zapala8340.com.ar\/?p=44021"},"modified":"2026-03-18T18:53:12","modified_gmt":"2026-03-18T21:53:12","slug":"hallan-sin-vida-a-una-mujer-en-un-micro-de-larga-distancia","status":"publish","type":"post","link":"https:\/\/zapala8340.com.ar\/?p=44021","title":{"rendered":"hallan sin vida a una mujer en un micro de larga distancia"},"content":{"rendered":"\n<h2 class=\"wp-block-heading\">Una pasajera fue encontrada sin vida dentro de un \u00f3mnibus que arrib\u00f3 en la ma\u00f1ana del mi\u00e9rcoles a la Terminal Quaranta de Posadas. La v\u00edctima fue identificada como <strong>Mariana Pizarro<\/strong>, de 55 a\u00f1os.<\/h2>\n\n\n\n<p>El hallazgo se produjo alrededor de las 9.20, cuando el chofer del colectivo \u2014que hab\u00eda partido desde Buenos Aires hacia Misiones\u2014 advirti\u00f3 que una pasajera permanec\u00eda en su asiento sin responder a los intentos de despertarla. Tras dar aviso a las autoridades, agentes de la Comisar\u00eda 17\u00aa y del Comando T\u00e1ctico Especial acudieron al lugar.<\/p>\n\n\n\n<p>En el interior del veh\u00edculo, los efectivos constataron que la mujer no presentaba signos vitales. El asiento n\u00famero 20, donde se encontraba, qued\u00f3 bajo resguardo para las pericias. Personal de Polic\u00eda Cient\u00edfica y un m\u00e9dico policial confirmaron el deceso y preservaron la escena. El magistrado interviniente orden\u00f3 la realizaci\u00f3n de una autopsia para determinar las causas de la muerte, dado que no se observaron signos de violencia.<\/p>\n\n\n\n<figure class=\"wp-block-image size-large\"><img loading=\"lazy\" decoding=\"async\" width=\"1024\" height=\"535\" src=\"https:\/\/zapala8340.com.ar\/wp-content\/uploads\/2026\/03\/image-42-1024x535.png\" alt=\"\" class=\"wp-image-44023\" srcset=\"https:\/\/zapala8340.com.ar\/wp-content\/uploads\/2026\/03\/image-42-1024x535.png 1024w, https:\/\/zapala8340.com.ar\/wp-content\/uploads\/2026\/03\/image-42-300x157.png 300w, https:\/\/zapala8340.com.ar\/wp-content\/uploads\/2026\/03\/image-42-768x401.png 768w, https:\/\/zapala8340.com.ar\/wp-content\/uploads\/2026\/03\/image-42.png 1440w\" sizes=\"(max-width: 1024px) 100vw, 1024px\" \/><\/figure>\n\n\n\n<h3 class=\"wp-block-heading\">La trayectoria de Mariana Pizarro<\/h3>\n\n\n\n<p>seg\u00fan informaron, Mariana Pizarro ten\u00eda una reconocida trayectoria en el \u00e1mbito art\u00edstico, acad\u00e9mico y social de Misiones. Actriz nacional egresada de la Escuela Nacional de Arte Dram\u00e1tico, licenciada en Actuaci\u00f3n por el IUNA y profesora en Educaci\u00f3n por la Universidad Nacional de Misiones, se destac\u00f3 por su labor en proyectos teatrales y educativos.<\/p>\n\n\n\n<p>Entre sus iniciativas se cuentan el programa interdisciplinario itinerante <strong>Teatro Escuela Abierta<\/strong> en M\u00e9xico y el proyecto <strong>Arte Vivo \u201cLa Gracia\u201d<\/strong>. Tambi\u00e9n trabaj\u00f3 en la Coalici\u00f3n del Estado de Washington contra la Violencia Dom\u00e9stica en Estados Unidos.<\/p>\n\n\n\n<p>En el plano local, coordinaba la Regional Ober\u00e1 del Programa Teatro de la UNaM y se desempe\u00f1\u00f3 como asesora en el Ministerio de Educaci\u00f3n de Misiones. Su compromiso con la cultura y la militancia social la convirti\u00f3 en referente en la intersecci\u00f3n entre arte, educaci\u00f3n y derechos humanos.<\/p>\n\n\n\n<p>Adem\u00e1s, particip\u00f3 activamente en el movimiento <strong>Ni Una Menos<\/strong>, denunciando la falta de seguimiento en casos de abuso infantil y defendiendo la garant\u00eda de derechos para las v\u00edctimas de violencia de g\u00e9nero.<\/p>\n\n\n\n<p><\/p>\n\n\n\n<figure class=\"wp-block-image size-large\"><img loading=\"lazy\" decoding=\"async\" width=\"1024\" height=\"573\" src=\"https:\/\/zapala8340.com.ar\/wp-content\/uploads\/2026\/03\/image-41-1024x573.png\" alt=\"\" class=\"wp-image-44022\" srcset=\"https:\/\/zapala8340.com.ar\/wp-content\/uploads\/2026\/03\/image-41-1024x573.png 1024w, https:\/\/zapala8340.com.ar\/wp-content\/uploads\/2026\/03\/image-41-300x168.png 300w, https:\/\/zapala8340.com.ar\/wp-content\/uploads\/2026\/03\/image-41-768x430.png 768w, https:\/\/zapala8340.com.ar\/wp-content\/uploads\/2026\/03\/image-41.png 1440w\" sizes=\"(max-width: 1024px) 100vw, 1024px\" \/><\/figure>\n","protected":false},"excerpt":{"rendered":"<p>Una pasajera fue encontrada sin vida dentro de un \u00f3mnibus que arrib\u00f3 en la ma\u00f1ana&#8230;<\/p>\n","protected":false},"author":1,"featured_media":44022,"comment_status":"open","ping_status":"open","sticky":false,"template":"","format":"standard","meta":{"footnotes":""},"categories":[4],"tags":[],"class_list":["post-44021","post","type-post","status-publish","format-standard","has-post-thumbnail","hentry","category-nacionales"],"_links":{"self":[{"href":"https:\/\/zapala8340.com.ar\/index.php?rest_route=\/wp\/v2\/posts\/44021"}],"collection":[{"href":"https:\/\/zapala8340.com.ar\/index.php?rest_route=\/wp\/v2\/posts"}],"about":[{"href":"https:\/\/zapala8340.com.ar\/index.php?rest_route=\/wp\/v2\/types\/post"}],"author":[{"embeddable":true,"href":"https:\/\/zapala8340.com.ar\/index.php?rest_route=\/wp\/v2\/users\/1"}],"replies":[{"embeddable":true,"href":"https:\/\/zapala8340.com.ar\/index.php?rest_route=%2Fwp%2Fv2%2Fcomments&post=44021"}],"version-history":[{"count":1,"href":"https:\/\/zapala8340.com.ar\/index.php?rest_route=\/wp\/v2\/posts\/44021\/revisions"}],"predecessor-version":[{"id":44024,"href":"https:\/\/zapala8340.com.ar\/index.php?rest_route=\/wp\/v2\/posts\/44021\/revisions\/44024"}],"wp:featuredmedia":[{"embeddable":true,"href":"https:\/\/zapala8340.com.ar\/index.php?rest_route=\/wp\/v2\/media\/44022"}],"wp:attachment":[{"href":"https:\/\/zapala8340.com.ar\/index.php?rest_route=%2Fwp%2Fv2%2Fmedia&parent=44021"}],"wp:term":[{"taxonomy":"category","embeddable":true,"href":"https:\/\/zapala8340.com.ar\/index.php?rest_route=%2Fwp%2Fv2%2Fcategories&post=44021"},{"taxonomy":"post_tag","embeddable":true,"href":"https:\/\/zapala8340.com.ar\/index.php?rest_route=%2Fwp%2Fv2%2Ftags&post=44021"}],"curies":[{"name":"wp","href":"https:\/\/api.w.org\/{rel}","templated":true}]}}