{"id":44430,"date":"2026-04-27T12:46:45","date_gmt":"2026-04-27T15:46:45","guid":{"rendered":"https:\/\/zapala8340.com.ar\/?p=44430"},"modified":"2026-04-27T12:46:45","modified_gmt":"2026-04-27T15:46:45","slug":"encontraron-a-la-nena-de-4-anos-que-buscaban-intensamente-en-bariloche","status":"publish","type":"post","link":"https:\/\/zapala8340.com.ar\/?p=44430","title":{"rendered":"Encontraron a la nena de 4 a\u00f1os que buscaban intensamente en Bariloche"},"content":{"rendered":"\n<h2 class=\"wp-block-heading\">La menor fue hallada luego de que se activara la Alerta Sof\u00eda por su desaparici\u00f3n durante el s\u00e1bado.<br><\/h2>\n\n\n\n<p><strong>Juana Sof\u00eda Alvarado<\/strong>, la nena de 4 a\u00f1os que hab\u00eda desaparecido en Bariloche,<strong>\u00a0fue encontrada con vida<\/strong>. La menor hab\u00eda sido vista por \u00faltima vez durante el s\u00e1bado al mediod\u00eda.<\/p>\n\n\n\n<p><strong>Encontraron a Juan Alvarado, la nena de 4 a\u00f1os que buscaban intensamente en Bariloche<\/strong><\/p>\n\n\n\n<p>De acuerdo a lo que inform\u00f3 La Voz,&nbsp;<strong>la nena fue encontrada en la localidad de Azul, provincia de Buenos Aires.<\/strong>&nbsp;La menor se encontraba en un&nbsp;<strong>colectivo donde estaba siendo trasladada por su mam\u00e1,<\/strong>&nbsp;que ten\u00eda una restricci\u00f3n de contacto.<\/p>\n\n\n\n<p><strong>Abigail Jazm\u00edn Alvarado,<\/strong>\u00a0madre de Juana, tiene una\u00a0<strong>prohibici\u00f3n de acercamiento a la ni\u00f1a<\/strong>, dictada por la Unidad Procesal de Familia N\u00b0 10 de Bariloche. Por esta situaci\u00f3n legal, el caso se encuentra bajo\u00a0<strong>la vigilancia directa del Sistema Federal de Comunicaciones Policiales<\/strong>\u00a0con el objetivo de ampliar el rango de b\u00fasqueda a nivel nacional.<\/p>\n\n\n\n<p><\/p>\n\n\n\n<p><strong>Las caracter\u00edsticas que usaron para encontrar a Juana Alvarado y su mam\u00e1<\/strong><\/p>\n\n\n\n<p>Las autoridades difundieron las caracter\u00edsticas de&nbsp;<strong>Juana Sof\u00eda Alvarado<\/strong>, quien presenta&nbsp;<strong>contextura delgada, cabello casta\u00f1o claro, largo y con rulos<\/strong>.&nbsp;<strong>Mide entre 70 y 95 cent\u00edmetros<\/strong>, tiene&nbsp;<strong>ojos casta\u00f1os claros y tez clara<\/strong>. Al momento de ser vista por \u00faltima vez,&nbsp;<strong>llevaba una camiseta rayada de varios colores, pantal\u00f3n negro tipo jogging, zapatillas grises y un abrigo marr\u00f3n claro y oscuro<\/strong>.<\/p>\n\n\n\n<p>En cuanto a su madre, indicaron que es&nbsp;<strong>de contextura delgada, mide aproximadamente 1,60 metros, tiene ojos marr\u00f3n claro y cabello casta\u00f1o oscuro con flequillo<\/strong>. Adem\u00e1s,&nbsp;<strong>posee tatuajes en distintas partes del cuerpo, incluyendo el cuello y las manos<\/strong>. Vest\u00eda&nbsp;<strong>jogging negro, campera de algod\u00f3n negra, abrigo marr\u00f3n claro y zapatillas deportivas celestes<\/strong>.<\/p>\n\n\n\n<h2 class=\"wp-block-heading\"><strong>Qu\u00e9 es la Alerta Sof\u00eda<\/strong><\/h2>\n\n\n\n<p>La Alerta Sof\u00eda es un mecanismo de emergencia que se usa en Argentina para&nbsp;<strong>localizar a menores desaparecidos que se encuentran en situaci\u00f3n de riesgo inminente.<\/strong><\/p>\n\n\n\n<p>Su activaci\u00f3n permite<strong>&nbsp;difundir r\u00e1pidamente la informaci\u00f3n por medio de celulares, medios de comunicaci\u00f3n, redes sociales y organismos de seguridad de todo el pa\u00eds.<\/strong>&nbsp;Adem\u00e1s, el operativo tambi\u00e9n cuenta con la intervenci\u00f3n del Sistema Federal de Comunicaciones Policiales.<br><\/p>\n\n\n\n<figure class=\"wp-block-image size-large\"><img loading=\"lazy\" decoding=\"async\" width=\"1024\" height=\"512\" src=\"https:\/\/zapala8340.com.ar\/wp-content\/uploads\/2026\/04\/image-70-1024x512.png\" alt=\"\" class=\"wp-image-44431\" srcset=\"https:\/\/zapala8340.com.ar\/wp-content\/uploads\/2026\/04\/image-70-1024x512.png 1024w, https:\/\/zapala8340.com.ar\/wp-content\/uploads\/2026\/04\/image-70-300x150.png 300w, https:\/\/zapala8340.com.ar\/wp-content\/uploads\/2026\/04\/image-70-768x384.png 768w, https:\/\/zapala8340.com.ar\/wp-content\/uploads\/2026\/04\/image-70.png 1440w\" sizes=\"(max-width: 1024px) 100vw, 1024px\" \/><\/figure>\n\n\n\n<figure class=\"wp-block-image size-full is-resized\"><img loading=\"lazy\" decoding=\"async\" width=\"190\" height=\"93\" src=\"https:\/\/zapala8340.com.ar\/wp-content\/uploads\/2026\/04\/image-71.png\" alt=\"\" class=\"wp-image-44432\" style=\"width:101px;height:auto\"\/><\/figure>\n\n\n\n<p><\/p>\n","protected":false},"excerpt":{"rendered":"<p>La menor fue hallada luego de que se activara la Alerta Sof\u00eda por su desaparici\u00f3n&#8230;<\/p>\n","protected":false},"author":1,"featured_media":44431,"comment_status":"open","ping_status":"open","sticky":false,"template":"","format":"standard","meta":{"footnotes":""},"categories":[4],"tags":[],"class_list":["post-44430","post","type-post","status-publish","format-standard","has-post-thumbnail","hentry","category-nacionales"],"_links":{"self":[{"href":"https:\/\/zapala8340.com.ar\/index.php?rest_route=\/wp\/v2\/posts\/44430"}],"collection":[{"href":"https:\/\/zapala8340.com.ar\/index.php?rest_route=\/wp\/v2\/posts"}],"about":[{"href":"https:\/\/zapala8340.com.ar\/index.php?rest_route=\/wp\/v2\/types\/post"}],"author":[{"embeddable":true,"href":"https:\/\/zapala8340.com.ar\/index.php?rest_route=\/wp\/v2\/users\/1"}],"replies":[{"embeddable":true,"href":"https:\/\/zapala8340.com.ar\/index.php?rest_route=%2Fwp%2Fv2%2Fcomments&post=44430"}],"version-history":[{"count":1,"href":"https:\/\/zapala8340.com.ar\/index.php?rest_route=\/wp\/v2\/posts\/44430\/revisions"}],"predecessor-version":[{"id":44433,"href":"https:\/\/zapala8340.com.ar\/index.php?rest_route=\/wp\/v2\/posts\/44430\/revisions\/44433"}],"wp:featuredmedia":[{"embeddable":true,"href":"https:\/\/zapala8340.com.ar\/index.php?rest_route=\/wp\/v2\/media\/44431"}],"wp:attachment":[{"href":"https:\/\/zapala8340.com.ar\/index.php?rest_route=%2Fwp%2Fv2%2Fmedia&parent=44430"}],"wp:term":[{"taxonomy":"category","embeddable":true,"href":"https:\/\/zapala8340.com.ar\/index.php?rest_route=%2Fwp%2Fv2%2Fcategories&post=44430"},{"taxonomy":"post_tag","embeddable":true,"href":"https:\/\/zapala8340.com.ar\/index.php?rest_route=%2Fwp%2Fv2%2Ftags&post=44430"}],"curies":[{"name":"wp","href":"https:\/\/api.w.org\/{rel}","templated":true}]}}