{"id":44439,"date":"2026-04-27T15:08:33","date_gmt":"2026-04-27T18:08:33","guid":{"rendered":"https:\/\/zapala8340.com.ar\/?p=44439"},"modified":"2026-04-27T15:08:34","modified_gmt":"2026-04-27T18:08:34","slug":"chos-malal-imputan-a-un-hombre-por-facilitar-una-camioneta-en-causa-de-narcotrafico","status":"publish","type":"post","link":"https:\/\/zapala8340.com.ar\/?p=44439","title":{"rendered":"Chos Malal: imputan a un hombre por facilitar una camioneta en causa de narcotr\u00e1fico"},"content":{"rendered":"\n<h2 class=\"wp-block-heading\">En el norte neuquino, la Justicia avanz\u00f3 con la imputaci\u00f3n contra un hombre acusado de haber puesto a disposici\u00f3n una camioneta utilizada para el traslado y la comercializaci\u00f3n de cannabis. La causa se enmarca en una investigaci\u00f3n por narcotr\u00e1fico que sacudi\u00f3 a la ciudad de Chos Malal.<\/h2>\n\n\n\n<p>Durante la audiencia, los fiscales <strong>Natalia Rivera<\/strong> y <strong>V\u00edctor Salgado<\/strong> formularon cargos y solicitaron medidas cautelares. El Ministerio P\u00fablico Fiscal pidi\u00f3 que se le proh\u00edba al imputado salir del pa\u00eds y mantener contacto con los dem\u00e1s investigados, solicitud que fue avalada por el tribunal.<\/p>\n\n\n\n<p>Seg\u00fan la pesquisa, el veh\u00edculo habr\u00eda sido clave para transportar m\u00e1s de <strong>treinta y cuatro kilos de marihuana<\/strong>, lo que refuerza la hip\u00f3tesis de una maniobra organizada para su distribuci\u00f3n.<\/p>\n\n\n\n<p>La investigaci\u00f3n contin\u00faa con el objetivo de precisar el grado de participaci\u00f3n del acusado y determinar si existen otras personas involucradas en la operaci\u00f3n.<\/p>\n\n\n\n<p><\/p>\n\n\n\n<figure class=\"wp-block-image size-full\"><img loading=\"lazy\" decoding=\"async\" width=\"992\" height=\"558\" src=\"https:\/\/zapala8340.com.ar\/wp-content\/uploads\/2026\/04\/image-75.png\" alt=\"\" class=\"wp-image-44440\" srcset=\"https:\/\/zapala8340.com.ar\/wp-content\/uploads\/2026\/04\/image-75.png 992w, https:\/\/zapala8340.com.ar\/wp-content\/uploads\/2026\/04\/image-75-300x169.png 300w, https:\/\/zapala8340.com.ar\/wp-content\/uploads\/2026\/04\/image-75-768x432.png 768w\" sizes=\"(max-width: 992px) 100vw, 992px\" \/><\/figure>\n","protected":false},"excerpt":{"rendered":"<p>En el norte neuquino, la Justicia avanz\u00f3 con la imputaci\u00f3n contra un hombre acusado de&#8230;<\/p>\n","protected":false},"author":1,"featured_media":44440,"comment_status":"open","ping_status":"open","sticky":false,"template":"","format":"standard","meta":{"footnotes":""},"categories":[31],"tags":[],"class_list":["post-44439","post","type-post","status-publish","format-standard","has-post-thumbnail","hentry","category-provincia"],"_links":{"self":[{"href":"https:\/\/zapala8340.com.ar\/index.php?rest_route=\/wp\/v2\/posts\/44439"}],"collection":[{"href":"https:\/\/zapala8340.com.ar\/index.php?rest_route=\/wp\/v2\/posts"}],"about":[{"href":"https:\/\/zapala8340.com.ar\/index.php?rest_route=\/wp\/v2\/types\/post"}],"author":[{"embeddable":true,"href":"https:\/\/zapala8340.com.ar\/index.php?rest_route=\/wp\/v2\/users\/1"}],"replies":[{"embeddable":true,"href":"https:\/\/zapala8340.com.ar\/index.php?rest_route=%2Fwp%2Fv2%2Fcomments&post=44439"}],"version-history":[{"count":1,"href":"https:\/\/zapala8340.com.ar\/index.php?rest_route=\/wp\/v2\/posts\/44439\/revisions"}],"predecessor-version":[{"id":44441,"href":"https:\/\/zapala8340.com.ar\/index.php?rest_route=\/wp\/v2\/posts\/44439\/revisions\/44441"}],"wp:featuredmedia":[{"embeddable":true,"href":"https:\/\/zapala8340.com.ar\/index.php?rest_route=\/wp\/v2\/media\/44440"}],"wp:attachment":[{"href":"https:\/\/zapala8340.com.ar\/index.php?rest_route=%2Fwp%2Fv2%2Fmedia&parent=44439"}],"wp:term":[{"taxonomy":"category","embeddable":true,"href":"https:\/\/zapala8340.com.ar\/index.php?rest_route=%2Fwp%2Fv2%2Fcategories&post=44439"},{"taxonomy":"post_tag","embeddable":true,"href":"https:\/\/zapala8340.com.ar\/index.php?rest_route=%2Fwp%2Fv2%2Ftags&post=44439"}],"curies":[{"name":"wp","href":"https:\/\/api.w.org\/{rel}","templated":true}]}}