{"id":44442,"date":"2026-04-27T15:21:22","date_gmt":"2026-04-27T18:21:22","guid":{"rendered":"https:\/\/zapala8340.com.ar\/?p=44442"},"modified":"2026-04-27T15:21:23","modified_gmt":"2026-04-27T18:21:23","slug":"sanampay-se-despide-en-zapala","status":"publish","type":"post","link":"https:\/\/zapala8340.com.ar\/?p=44442","title":{"rendered":"Sanampay se despide en Zapala"},"content":{"rendered":"\n<h2 class=\"wp-block-heading\">El hist\u00f3rico grupo Sanampay llegar\u00e1 al Cine Teatro Municipal Amado Sapag para presentar su concierto \u201cLa Despedida\u201d, en el marco de su gira final con la que celebra 49 a\u00f1os de trayectoria art\u00edstica y pone cierre a un recorrido musical que dej\u00f3 una profunda huella en el cancionero latinoamericano.<\/h2>\n\n\n\n<p>La cita ser\u00e1 el s\u00e1bado 2 de mayo a las 21 hs en el Cine Teatro Municipal, con entradas que ya se encuentran a la venta a un valor de $10000.<\/p>\n\n\n\n<p>Sanampay es considerado uno de los proyectos musicales m\u00e1s significativos surgidos durante el exilio de los a\u00f1os setenta. Fue fundado en M\u00e9xico en 1977 por el m\u00fasico argentino Naldo Labr\u00edn, luego del golpe de Estado de 1976 en Argentina, con el objetivo de difundir la m\u00fasica folcl\u00f3rica y la nueva canci\u00f3n de Am\u00e9rica Latina.<\/p>\n\n\n\n<p>Desde sus inicios, el grupo reuni\u00f3 a artistas de distintos pa\u00edses de la regi\u00f3n, integrando especialmente a m\u00fasicos argentinos y mexicanos, y construyendo un repertorio que combina poes\u00eda, memoria hist\u00f3rica y m\u00fasica popular. A lo largo de casi cinco d\u00e9cadas, recorri\u00f3 escenarios de M\u00e9xico, Argentina, Chile y Uruguay, consolid\u00e1ndose como una referencia art\u00edstica y cultural.<\/p>\n\n\n\n<p>La agrupaci\u00f3n se destac\u00f3 no solo por su permanencia en el tiempo, sino tambi\u00e9n por la gran cantidad de m\u00fasicos que formaron parte de este proyecto colectivo. Entre sus interpretaciones m\u00e1s recordadas se encuentran versiones de \u201cYo te nombro\u201d, \u201cAdagio a mi pa\u00eds\u201d, \u201cJacinto Cenobio\u201d, \u201cCautivo de Til Til\u201d y la emblem\u00e1tica cantata \u201cCoral terrestre\u201d.<\/p>\n\n\n\n<p>Ahora, en 2026, Sanampay emprende su gira despedida, brindando al p\u00fablico la oportunidad de reencontrarse con una propuesta musical cargada de historia, identidad y compromiso art\u00edstico.<\/p>\n\n\n\n<p><em>Subsecretar\u00eda de Prensa<\/em><\/p>\n\n\n\n<figure class=\"wp-block-image size-large\"><img loading=\"lazy\" decoding=\"async\" width=\"1024\" height=\"640\" src=\"https:\/\/zapala8340.com.ar\/wp-content\/uploads\/2026\/04\/image-76-1024x640.png\" alt=\"\" class=\"wp-image-44443\" srcset=\"https:\/\/zapala8340.com.ar\/wp-content\/uploads\/2026\/04\/image-76-1024x640.png 1024w, https:\/\/zapala8340.com.ar\/wp-content\/uploads\/2026\/04\/image-76-300x188.png 300w, https:\/\/zapala8340.com.ar\/wp-content\/uploads\/2026\/04\/image-76-768x480.png 768w, https:\/\/zapala8340.com.ar\/wp-content\/uploads\/2026\/04\/image-76.png 1536w, https:\/\/zapala8340.com.ar\/wp-content\/uploads\/2026\/04\/image-76-800x500.png 800w, https:\/\/zapala8340.com.ar\/wp-content\/uploads\/2026\/04\/image-76-400x250.png 400w\" sizes=\"(max-width: 1024px) 100vw, 1024px\" \/><\/figure>\n","protected":false},"excerpt":{"rendered":"<p>El hist\u00f3rico grupo Sanampay llegar\u00e1 al Cine Teatro Municipal Amado Sapag para presentar su concierto&#8230;<\/p>\n","protected":false},"author":1,"featured_media":44443,"comment_status":"open","ping_status":"open","sticky":false,"template":"","format":"standard","meta":{"footnotes":""},"categories":[8],"tags":[],"class_list":["post-44442","post","type-post","status-publish","format-standard","has-post-thumbnail","hentry","category-zapala"],"_links":{"self":[{"href":"https:\/\/zapala8340.com.ar\/index.php?rest_route=\/wp\/v2\/posts\/44442"}],"collection":[{"href":"https:\/\/zapala8340.com.ar\/index.php?rest_route=\/wp\/v2\/posts"}],"about":[{"href":"https:\/\/zapala8340.com.ar\/index.php?rest_route=\/wp\/v2\/types\/post"}],"author":[{"embeddable":true,"href":"https:\/\/zapala8340.com.ar\/index.php?rest_route=\/wp\/v2\/users\/1"}],"replies":[{"embeddable":true,"href":"https:\/\/zapala8340.com.ar\/index.php?rest_route=%2Fwp%2Fv2%2Fcomments&post=44442"}],"version-history":[{"count":1,"href":"https:\/\/zapala8340.com.ar\/index.php?rest_route=\/wp\/v2\/posts\/44442\/revisions"}],"predecessor-version":[{"id":44444,"href":"https:\/\/zapala8340.com.ar\/index.php?rest_route=\/wp\/v2\/posts\/44442\/revisions\/44444"}],"wp:featuredmedia":[{"embeddable":true,"href":"https:\/\/zapala8340.com.ar\/index.php?rest_route=\/wp\/v2\/media\/44443"}],"wp:attachment":[{"href":"https:\/\/zapala8340.com.ar\/index.php?rest_route=%2Fwp%2Fv2%2Fmedia&parent=44442"}],"wp:term":[{"taxonomy":"category","embeddable":true,"href":"https:\/\/zapala8340.com.ar\/index.php?rest_route=%2Fwp%2Fv2%2Fcategories&post=44442"},{"taxonomy":"post_tag","embeddable":true,"href":"https:\/\/zapala8340.com.ar\/index.php?rest_route=%2Fwp%2Fv2%2Ftags&post=44442"}],"curies":[{"name":"wp","href":"https:\/\/api.w.org\/{rel}","templated":true}]}}