{"id":44448,"date":"2026-04-27T15:46:16","date_gmt":"2026-04-27T18:46:16","guid":{"rendered":"https:\/\/zapala8340.com.ar\/?p=44448"},"modified":"2026-04-27T15:46:16","modified_gmt":"2026-04-27T18:46:16","slug":"zapala-honro-a-la-patria-con-un-convocante-duatlon-por-malvinas","status":"publish","type":"post","link":"https:\/\/zapala8340.com.ar\/?p=44448","title":{"rendered":"Zapala honr\u00f3 a la patria con un convocante duatl\u00f3n por Malvinas"},"content":{"rendered":"\n<p>El pasado s\u00e1bado se corri\u00f3 la cuarta edici\u00f3n de la competencia organizada por el Municipio donde m\u00e1s de 250 corredores enfrentaron el desaf\u00edo.<\/p>\n\n\n\n<p>Ni el viento ni las bajas temperaturas del oto\u00f1o patag\u00f3nico pudieron frenar la pasi\u00f3n de deportistas, familiares y p\u00fablico en general que acompa\u00f1aron otra edici\u00f3n de la prueba que busca honrar la memoria de la causa de Malvinas.<\/p>\n\n\n\n<figure class=\"wp-block-image size-large\"><img loading=\"lazy\" decoding=\"async\" width=\"1024\" height=\"640\" src=\"https:\/\/zapala8340.com.ar\/wp-content\/uploads\/2026\/04\/image-79-1024x640.png\" alt=\"\" class=\"wp-image-44450\" srcset=\"https:\/\/zapala8340.com.ar\/wp-content\/uploads\/2026\/04\/image-79-1024x640.png 1024w, https:\/\/zapala8340.com.ar\/wp-content\/uploads\/2026\/04\/image-79-300x188.png 300w, https:\/\/zapala8340.com.ar\/wp-content\/uploads\/2026\/04\/image-79-768x480.png 768w, https:\/\/zapala8340.com.ar\/wp-content\/uploads\/2026\/04\/image-79-800x500.png 800w, https:\/\/zapala8340.com.ar\/wp-content\/uploads\/2026\/04\/image-79-400x250.png 400w, https:\/\/zapala8340.com.ar\/wp-content\/uploads\/2026\/04\/image-79.png 1536w\" sizes=\"(max-width: 1024px) 100vw, 1024px\" \/><\/figure>\n\n\n\n<p>All\u00ed la pasi\u00f3n de los deportistas fue observada de cerca por el imponente monumento al Soldado Argentino, que fue testigo de como la prueba se desarroll\u00f3 con el aliento de cada uno de los presentes.<\/p>\n\n\n\n<p>4 kil\u00f3metros de pedestrismo, 30 kil\u00f3metros de ciclismo y unos \u00faltimos 4 kil\u00f3metros a pie fue la exigencia de la prueba que tuvo el condimento extra de las r\u00e1fagas de viento, que le pusieron ese \u201cpicante\u201d al evento. Pese a ello, los participantes enfrentaron el desaf\u00edo de transitar el circuito dise\u00f1ado por la organizaci\u00f3n.<\/p>\n\n\n\n<p>La emotividad de la fecha era motivo suficiente para participar de la carrera. Pero a ello, tambi\u00e9n se le sum\u00f3 la posibilidad de competir por dinero en premios.<\/p>\n\n\n\n<p>Con una gran participaci\u00f3n, qued\u00f3 en el recuerdo otras de las carreras que Zapala posee en su calendario anual.<\/p>\n\n\n\n<figure class=\"wp-block-image\"><img decoding=\"async\" src=\"https:\/\/www.zapala.gob.ar\/wp-content\/uploads\/2026\/04\/DuatlonMalvinas26-5-1024x640.jpg\" alt=\"\" class=\"wp-image-35436\"\/><\/figure>\n\n\n\n<p>A continuaci\u00f3n, repasamos los principales resultados en la general:<\/p>\n\n\n\n<p>Equipo femenino:<\/p>\n\n\n\n<ul class=\"wp-block-list\">\n<li>Mirta Adelina Zapata \u2013 Marta Eugenia Maliqueo (Zapala)<\/li>\n\n\n\n<li>Paula Graciela Betancur \u2013 Norma Caro (Zapala)<\/li>\n\n\n\n<li>Anabela Soledad Barros \u2013 Natalia Sotto (Plaza Huincul \u2013 Cutral Co)<\/li>\n<\/ul>\n\n\n\n<p>Equipo masculino:<\/p>\n\n\n\n<ul class=\"wp-block-list\">\n<li>Franco Kollrich \u2013 Pablo Lascano (Zapala \u2013 Loncopue)<\/li>\n\n\n\n<li>Damian Rojas \u2013 Gianfranco Venegas (Cutral Co)<\/li>\n\n\n\n<li>Kevin Guti\u00e9rrez \u2013 Franco Valdez (Los Miches \u2013 Chos Malal)<\/li>\n<\/ul>\n\n\n\n<p>Equipo mixto:<\/p>\n\n\n\n<ul class=\"wp-block-list\">\n<li>Roxana Flores \u2013 Rodrigo San Mart\u00edn (Zapala)<\/li>\n\n\n\n<li>Celeste Bravo \u2013 Nicolas Orrego (Plaza Huincul)<\/li>\n\n\n\n<li>Lucas Chambers \u2013 Yesica Navarrete (11 de Mayo \u2013 Plaza Huincul)<\/li>\n<\/ul>\n\n\n\n<p>Femenino:<\/p>\n\n\n\n<ul class=\"wp-block-list\">\n<li>Florencia Arino (Confluencia)<\/li>\n\n\n\n<li>Emilia Allegroni (Neuqu\u00e9n)<\/li>\n\n\n\n<li>Beatriz Troncoso (Neuqu\u00e9n)<\/li>\n<\/ul>\n\n\n\n<p>Masculino:<\/p>\n\n\n\n<ul class=\"wp-block-list\">\n<li>Braian Rodr\u00edguez (Cutral Co)<\/li>\n\n\n\n<li>Alejandro Mendoza (19 de Marzo)<\/li>\n\n\n\n<li>Jorge Millalen (Zapala)<\/li>\n<\/ul>\n\n\n\n<p><em>Subsecretar\u00eda de Prensa<\/em><\/p>\n\n\n\n<p><\/p>\n","protected":false},"excerpt":{"rendered":"<p>El pasado s\u00e1bado se corri\u00f3 la cuarta edici\u00f3n de la competencia organizada por el Municipio&#8230;<\/p>\n","protected":false},"author":1,"featured_media":44450,"comment_status":"open","ping_status":"open","sticky":false,"template":"","format":"standard","meta":{"footnotes":""},"categories":[8],"tags":[],"class_list":["post-44448","post","type-post","status-publish","format-standard","has-post-thumbnail","hentry","category-zapala"],"_links":{"self":[{"href":"https:\/\/zapala8340.com.ar\/index.php?rest_route=\/wp\/v2\/posts\/44448"}],"collection":[{"href":"https:\/\/zapala8340.com.ar\/index.php?rest_route=\/wp\/v2\/posts"}],"about":[{"href":"https:\/\/zapala8340.com.ar\/index.php?rest_route=\/wp\/v2\/types\/post"}],"author":[{"embeddable":true,"href":"https:\/\/zapala8340.com.ar\/index.php?rest_route=\/wp\/v2\/users\/1"}],"replies":[{"embeddable":true,"href":"https:\/\/zapala8340.com.ar\/index.php?rest_route=%2Fwp%2Fv2%2Fcomments&post=44448"}],"version-history":[{"count":1,"href":"https:\/\/zapala8340.com.ar\/index.php?rest_route=\/wp\/v2\/posts\/44448\/revisions"}],"predecessor-version":[{"id":44451,"href":"https:\/\/zapala8340.com.ar\/index.php?rest_route=\/wp\/v2\/posts\/44448\/revisions\/44451"}],"wp:featuredmedia":[{"embeddable":true,"href":"https:\/\/zapala8340.com.ar\/index.php?rest_route=\/wp\/v2\/media\/44450"}],"wp:attachment":[{"href":"https:\/\/zapala8340.com.ar\/index.php?rest_route=%2Fwp%2Fv2%2Fmedia&parent=44448"}],"wp:term":[{"taxonomy":"category","embeddable":true,"href":"https:\/\/zapala8340.com.ar\/index.php?rest_route=%2Fwp%2Fv2%2Fcategories&post=44448"},{"taxonomy":"post_tag","embeddable":true,"href":"https:\/\/zapala8340.com.ar\/index.php?rest_route=%2Fwp%2Fv2%2Ftags&post=44448"}],"curies":[{"name":"wp","href":"https:\/\/api.w.org\/{rel}","templated":true}]}}