{"id":44452,"date":"2026-04-28T13:37:17","date_gmt":"2026-04-28T16:37:17","guid":{"rendered":"https:\/\/zapala8340.com.ar\/?p=44452"},"modified":"2026-04-28T13:37:17","modified_gmt":"2026-04-28T16:37:17","slug":"javier-milei-critico-el-descargo-de-luciana-geuna-y-propuso-suspender-el-contacto-con-los-periodistas-solo-por-x","status":"publish","type":"post","link":"https:\/\/zapala8340.com.ar\/?p=44452","title":{"rendered":"Javier Milei critic\u00f3 el descargo de Luciana Geuna y propuso suspender el contacto con los periodistas: &#8220;Solo por X&#8221;"},"content":{"rendered":"\n<p><\/p>\n\n\n\n<h2 class=\"wp-block-heading\" id=\"p-1777289205228-6692\">El presidente cuestion\u00f3 a la conductora, quien se refiri\u00f3 a su informe en Casa Rosada. El libertario mantiene cerrada la sala de periodistas.<\/h2>\n\n\n\n<p><\/p>\n\n\n\n<p id=\"p-1777288798107-22465\">El presidente<strong>\u00a0Javier Milei<\/strong>\u00a0cuestion\u00f3 duramente a la periodista<strong>\u00a0Luciana Geuna<\/strong>, quien anoche hizo un descargo tras\u00a0la denuncia penal de Casa Militar por espionaje ilegal ante un informe en su programa de TV dentro de Casa Rosada con lentes inteligentes.<\/p>\n\n\n\n<p id=\"p-1777288798108-43495\">\u201cHace un par de semanas tuve una idea para que Nacho (Salerno), que tiene 23 a\u00f1os y hace dos a\u00f1os que est\u00e1 acreditado en la Casa Rosada y trabaja rigurosa y responsablemente, cuente la interna pol\u00edtica de una manera m\u00e1s visual, relat\u00e1ndola desde los pasillos de uso com\u00fan de la Rosada. Era un informe que buscaba ser atractivo pero, digamos, inocente. Sin denuncias ni mucho menos im\u00e1genes prohibidas o tomadas en lugares no permitidos\u201d, asegur\u00f3 la conductora.<\/p>\n\n\n\n<p><\/p>\n\n\n\n<p id=\"p-1777288798108-83696\"><strong><em>\u201cPor supuesto no fue una grabaci\u00f3n clandestina\u201d, recalc\u00f3 y asegur\u00f3 que pidi\u00f3 permiso con anterioridad para grabar.<\/em><\/strong><\/p>\n\n\n\n<p><\/p>\n\n\n\n<p><\/p>\n\n\n\n<p>\u201cA pesar de todos nuestros recaudos, el informe se prest\u00f3 a confusiones. Lo sentimos. Creo profundamente en el aprendizaje que dejan estas situaciones&#8221;, destac\u00f3 la comunicadora, quien cuestion\u00f3 la decisi\u00f3n del Gobierno de quitar las acreditaciones a los periodistas de Casa Rosada: \u201cHoy la sala de prensa de la Casa Rosada est\u00e1 cerrada. Y es grav\u00edsimo. Y no hay ning\u00fan argumento que pueda sostener que es una decisi\u00f3n vinculada a ese informe, a nosotros o a este programa. Es una decisi\u00f3n pol\u00edtica que nos interpela a todos los que creemos profundamente en la libertad de expresi\u00f3n y en la democracia\u201d.<\/p>\n\n\n\n<p><\/p>\n\n\n\n<h1 class=\"wp-block-heading\">Los detalles de la medida de Casa Rosada<br><\/h1>\n\n\n\n<p>\ud83d\udd12 <strong>Cierre de la sala de prensa<\/strong>: el Gobierno mantiene cerrada la sala de periodistas en Balcarce 50.<\/p>\n\n\n\n<p>\ud83d\udce2 <strong>Suspensi\u00f3n de conferencias<\/strong>: se plantea que no haya m\u00e1s contacto directo con periodistas acreditados.<\/p>\n\n\n\n<p>\ud83d\udda5\ufe0f <strong>Comunicaci\u00f3n exclusiva por X<\/strong>: la postura oficial es que los anuncios y la agenda se difundan \u00fanicamente a trav\u00e9s de la red social X.<\/p>\n\n\n\n<p>\u2696\ufe0f <strong>Denuncia penal<\/strong>: Casa Militar present\u00f3 una denuncia por supuesto espionaje ilegal debido a la grabaci\u00f3n dentro de la Casa Rosada con lentes inteligentes.<\/p>\n\n\n\n<p>\ud83d\udde3\ufe0f <strong>Reacci\u00f3n presidencial<\/strong>: Javier Milei respald\u00f3 la medida y viraliz\u00f3 mensajes en los que se cuestiona a los periodistas, insistiendo en que no habr\u00e1 acceso f\u00edsico a la Rosada.<\/p>\n\n\n\n<p><\/p>\n\n\n\n<p><\/p>\n\n\n\n<figure class=\"wp-block-image size-full\"><img loading=\"lazy\" decoding=\"async\" width=\"700\" height=\"348\" src=\"https:\/\/zapala8340.com.ar\/wp-content\/uploads\/2026\/04\/image-80.png\" alt=\"\" class=\"wp-image-44453\" srcset=\"https:\/\/zapala8340.com.ar\/wp-content\/uploads\/2026\/04\/image-80.png 700w, https:\/\/zapala8340.com.ar\/wp-content\/uploads\/2026\/04\/image-80-300x149.png 300w\" sizes=\"(max-width: 700px) 100vw, 700px\" \/><\/figure>\n\n\n\n<h2 class=\"wp-block-heading\" id=\"p-1777289298588-23113\">La reacci\u00f3n de Javier Milei<\/h2>\n\n\n\n<p id=\"p-1777288798108-80589\">El mandatario no tard\u00f3 en reaccionar, y sostuvo su postura de mantener cerrada la sala de periodistas en Balcarce 50, mediante sus redes sociales. Como es habitual, el libertario le dio RT a varios posteos: \u201c<strong>Los argentinos no necesitan una &#8220;sala de prensa&#8221; en Casa Rosada<\/strong>, Luciana Geuna, y mucho menos que un grupo de periodistas ensobrados vayan all\u00ed a hacer preguntas est\u00fapidas a un vocero o a funcionarios\u201d.<\/p>\n\n\n\n<figure class=\"wp-block-image size-full\"><img loading=\"lazy\" decoding=\"async\" width=\"760\" height=\"1011\" src=\"https:\/\/zapala8340.com.ar\/wp-content\/uploads\/2026\/04\/image-81.png\" alt=\"\" class=\"wp-image-44454\" srcset=\"https:\/\/zapala8340.com.ar\/wp-content\/uploads\/2026\/04\/image-81.png 760w, https:\/\/zapala8340.com.ar\/wp-content\/uploads\/2026\/04\/image-81-226x300.png 226w\" sizes=\"(max-width: 760px) 100vw, 760px\" \/><\/figure>\n\n\n\n<p><\/p>\n\n\n\n<p><\/p>\n\n\n\n<p id=\"p-1777288798108-40260\">En ese sentido, se mostr\u00f3 de acuerdo con que no haya m\u00e1s conferencias de prensa y solo se comunique por la red social X: \u201c<strong>De ahora en adelante, el Gobierno deber\u00eda comunicar hechos y\/o detalles de su agenda \u00daNICAMENTE a trav\u00e9s de una cuenta en X<\/strong>. \u00a1Eso basta y sobra! De hecho, muchos funcionarios ya lo vienen haciendo con el Resumen Semanal, pero es obvio que a todos ustedes solo les interesa el chisme, y ver c\u00f3mo poder voltear al Gobierno\u201d.<\/p>\n\n\n\n<p id=\"p-1777288798108-28842\">\u201cNi siquiera saliste a pedir disculpas, solo a hacerte la v\u00edctima. Rez\u00e1 para que la justicia no te mande presa, deber\u00eda hacerlo por semejante delito. \u00a1El que las hace las paga! Ustedes mismos han demostrado que Javier Milei siempre tuvo raz\u00f3n: no son periodistas, son basuras humanas\u201d, agreg\u00f3.<\/p>\n\n\n\n<p><\/p>\n\n\n\n<figure class=\"wp-block-image size-full\"><img loading=\"lazy\" decoding=\"async\" width=\"760\" height=\"781\" src=\"https:\/\/zapala8340.com.ar\/wp-content\/uploads\/2026\/04\/image-82.png\" alt=\"\" class=\"wp-image-44455\" srcset=\"https:\/\/zapala8340.com.ar\/wp-content\/uploads\/2026\/04\/image-82.png 760w, https:\/\/zapala8340.com.ar\/wp-content\/uploads\/2026\/04\/image-82-292x300.png 292w\" sizes=\"(max-width: 760px) 100vw, 760px\" \/><\/figure>\n\n\n\n<p id=\"p-1777288798108-25363\">\u201cGeuna, si hubiera censura ya estar\u00edas en cana por haber grabado sin autorizaci\u00f3n en la Casa Rosada. Le quisieron mojar la oreja al gobierno y despu\u00e9s no se bancaron las consecuencias. Ahora tus colegas no pueden entrar a la Rosada por culpa del informe pelotudo que hicieron\u201d, dec\u00eda otro de los mensajes que viraliz\u00f3 el jefe de Estado.<\/p>\n\n\n\n<p>fuente <\/p>\n\n\n\n<figure class=\"wp-block-image size-full is-resized\"><img loading=\"lazy\" decoding=\"async\" width=\"256\" height=\"94\" src=\"https:\/\/zapala8340.com.ar\/wp-content\/uploads\/2026\/04\/image-84.png\" alt=\"\" class=\"wp-image-44457\" style=\"width:86px;height:auto\"\/><\/figure>\n\n\n\n<figure class=\"wp-block-image size-large\"><img loading=\"lazy\" decoding=\"async\" width=\"1024\" height=\"576\" src=\"https:\/\/zapala8340.com.ar\/wp-content\/uploads\/2026\/04\/image-83-1024x576.png\" alt=\"\" class=\"wp-image-44456\" srcset=\"https:\/\/zapala8340.com.ar\/wp-content\/uploads\/2026\/04\/image-83-1024x576.png 1024w, https:\/\/zapala8340.com.ar\/wp-content\/uploads\/2026\/04\/image-83-300x169.png 300w, https:\/\/zapala8340.com.ar\/wp-content\/uploads\/2026\/04\/image-83-768x432.png 768w, https:\/\/zapala8340.com.ar\/wp-content\/uploads\/2026\/04\/image-83.png 1140w\" sizes=\"(max-width: 1024px) 100vw, 1024px\" \/><\/figure>\n\n\n\n<p><\/p>\n","protected":false},"excerpt":{"rendered":"<p>El presidente cuestion\u00f3 a la conductora, quien se refiri\u00f3 a su informe en Casa Rosada&#8230;.<\/p>\n","protected":false},"author":1,"featured_media":44456,"comment_status":"open","ping_status":"open","sticky":false,"template":"","format":"standard","meta":{"footnotes":""},"categories":[16],"tags":[],"class_list":["post-44452","post","type-post","status-publish","format-standard","has-post-thumbnail","hentry","category-politica"],"_links":{"self":[{"href":"https:\/\/zapala8340.com.ar\/index.php?rest_route=\/wp\/v2\/posts\/44452"}],"collection":[{"href":"https:\/\/zapala8340.com.ar\/index.php?rest_route=\/wp\/v2\/posts"}],"about":[{"href":"https:\/\/zapala8340.com.ar\/index.php?rest_route=\/wp\/v2\/types\/post"}],"author":[{"embeddable":true,"href":"https:\/\/zapala8340.com.ar\/index.php?rest_route=\/wp\/v2\/users\/1"}],"replies":[{"embeddable":true,"href":"https:\/\/zapala8340.com.ar\/index.php?rest_route=%2Fwp%2Fv2%2Fcomments&post=44452"}],"version-history":[{"count":1,"href":"https:\/\/zapala8340.com.ar\/index.php?rest_route=\/wp\/v2\/posts\/44452\/revisions"}],"predecessor-version":[{"id":44458,"href":"https:\/\/zapala8340.com.ar\/index.php?rest_route=\/wp\/v2\/posts\/44452\/revisions\/44458"}],"wp:featuredmedia":[{"embeddable":true,"href":"https:\/\/zapala8340.com.ar\/index.php?rest_route=\/wp\/v2\/media\/44456"}],"wp:attachment":[{"href":"https:\/\/zapala8340.com.ar\/index.php?rest_route=%2Fwp%2Fv2%2Fmedia&parent=44452"}],"wp:term":[{"taxonomy":"category","embeddable":true,"href":"https:\/\/zapala8340.com.ar\/index.php?rest_route=%2Fwp%2Fv2%2Fcategories&post=44452"},{"taxonomy":"post_tag","embeddable":true,"href":"https:\/\/zapala8340.com.ar\/index.php?rest_route=%2Fwp%2Fv2%2Ftags&post=44452"}],"curies":[{"name":"wp","href":"https:\/\/api.w.org\/{rel}","templated":true}]}}