{"id":44459,"date":"2026-04-28T13:54:20","date_gmt":"2026-04-28T16:54:20","guid":{"rendered":"https:\/\/zapala8340.com.ar\/?p=44459"},"modified":"2026-04-28T13:54:20","modified_gmt":"2026-04-28T16:54:20","slug":"el-uss-nimitz-llega-a-argentina-el-gigante-naval-de-estados-unidos-en-maniobras-conjuntas","status":"publish","type":"post","link":"https:\/\/zapala8340.com.ar\/?p=44459","title":{"rendered":"El USS Nimitz llega a Argentina: el gigante naval de Estados Unidos en maniobras conjuntas"},"content":{"rendered":"\n<p>El pr\u00f3ximo martes, las aguas argentinas recibir\u00e1n a uno de los buques m\u00e1s imponentes de la Armada de Estados Unidos: el portaaviones <strong>USS Nimitz (CVN-68)<\/strong>. Con m\u00e1s de 333 metros de eslora, capacidad para transportar hasta 90 aeronaves y una tripulaci\u00f3n que supera las 5.000 personas, se trata de un verdadero coloso naval que marcar\u00e1 presencia en el Atl\u00e1ntico Sur.<\/p>\n\n\n\n<p>La nave, actualmente en tr\u00e1nsito por aguas chilenas, cruzar\u00e1 el estrecho de Magallanes para arribar a <strong>Trelew el 28 de abril<\/strong>. All\u00ed se sumar\u00e1 el destructor <strong>ARA La Argentina<\/strong>, acompa\u00f1ado por helic\u00f3pteros Sea King que operar\u00e1n desde el destructor estadounidense <strong>USS Gridley<\/strong>, escolta del portaaviones. Durante la jornada se realizar\u00e1n ejercicios de defensa a\u00e9rea con aviones F-18.<\/p>\n\n\n\n<p>El despliegue continuar\u00e1 el <strong>29 de abril frente a Necochea<\/strong>, donde se incorporar\u00e1n el destructor <strong>ARA Sarand\u00ed<\/strong>, las corbetas <strong>ARA Robinson<\/strong> y <strong>ARA Rosales<\/strong>, adem\u00e1s de los patrulleros oce\u00e1nicos <strong>ARA Piedrabuena<\/strong> y <strong>ARA Contraalmirante Cordero<\/strong>. En ese marco se llevar\u00e1 a cabo un ejercicio de Visita, Registro y Captura entre el Gridley y el Cordero.<\/p>\n\n\n\n<p>Finalmente, el <strong>30 de abril frente a Mar del Plata<\/strong>, todas las unidades navegar\u00e1n en formaci\u00f3n, mientras autoridades civiles y militares embarcar\u00e1n en el portaaviones mediante un avi\u00f3n <strong>Grumman C-2 Greyhound<\/strong>. La jornada incluir\u00e1 una demostraci\u00f3n a\u00e9rea de cazas F-18 y helic\u00f3pteros MH-60 Seahawk, antes del regreso de los Sea King a la Base Aeronaval Comandante Espora.<\/p>\n\n\n\n<h4 class=\"wp-block-heading\">Un portaaviones con historia<\/h4>\n\n\n\n<p>El USS Nimitz es el buque insignia de su clase, bautizado en honor al almirante Chester William Nimitz, figura clave en la Segunda Guerra Mundial. Propulsado por dos reactores nucleares A4W, desplaza hasta 100.000 toneladas y cuenta con una cubierta de vuelo de 18.000 m\u00b2.<\/p>\n\n\n\n<p><\/p>\n\n\n\n<p><\/p>\n\n\n\n<figure class=\"wp-block-embed is-type-video is-provider-youtube wp-block-embed-youtube wp-embed-aspect-16-9 wp-has-aspect-ratio\"><div class=\"wp-block-embed__wrapper\">\n<iframe loading=\"lazy\" title=\"\ud83d\udce2 EL PORTAAVIONES USS NIMITZ INICIA EJERCICIOS CON LA ARMADA ARGENTINA\" width=\"640\" height=\"360\" src=\"https:\/\/www.youtube.com\/embed\/KuBrdVlzijk?feature=oembed\" frameborder=\"0\" allow=\"accelerometer; autoplay; clipboard-write; encrypted-media; gyroscope; picture-in-picture; web-share\" referrerpolicy=\"strict-origin-when-cross-origin\" allowfullscreen><\/iframe>\n<\/div><\/figure>\n\n\n\n<figure class=\"wp-block-image size-large\"><img loading=\"lazy\" decoding=\"async\" width=\"1024\" height=\"576\" src=\"https:\/\/zapala8340.com.ar\/wp-content\/uploads\/2026\/04\/image-85-1024x576.png\" alt=\"\" class=\"wp-image-44460\" srcset=\"https:\/\/zapala8340.com.ar\/wp-content\/uploads\/2026\/04\/image-85-1024x576.png 1024w, https:\/\/zapala8340.com.ar\/wp-content\/uploads\/2026\/04\/image-85-300x169.png 300w, https:\/\/zapala8340.com.ar\/wp-content\/uploads\/2026\/04\/image-85-768x432.png 768w, https:\/\/zapala8340.com.ar\/wp-content\/uploads\/2026\/04\/image-85.png 1536w\" sizes=\"(max-width: 1024px) 100vw, 1024px\" \/><\/figure>\n","protected":false},"excerpt":{"rendered":"<p>El pr\u00f3ximo martes, las aguas argentinas recibir\u00e1n a uno de los buques m\u00e1s imponentes de&#8230;<\/p>\n","protected":false},"author":1,"featured_media":44460,"comment_status":"open","ping_status":"open","sticky":false,"template":"","format":"standard","meta":{"footnotes":""},"categories":[4],"tags":[],"class_list":["post-44459","post","type-post","status-publish","format-standard","has-post-thumbnail","hentry","category-nacionales"],"_links":{"self":[{"href":"https:\/\/zapala8340.com.ar\/index.php?rest_route=\/wp\/v2\/posts\/44459"}],"collection":[{"href":"https:\/\/zapala8340.com.ar\/index.php?rest_route=\/wp\/v2\/posts"}],"about":[{"href":"https:\/\/zapala8340.com.ar\/index.php?rest_route=\/wp\/v2\/types\/post"}],"author":[{"embeddable":true,"href":"https:\/\/zapala8340.com.ar\/index.php?rest_route=\/wp\/v2\/users\/1"}],"replies":[{"embeddable":true,"href":"https:\/\/zapala8340.com.ar\/index.php?rest_route=%2Fwp%2Fv2%2Fcomments&post=44459"}],"version-history":[{"count":1,"href":"https:\/\/zapala8340.com.ar\/index.php?rest_route=\/wp\/v2\/posts\/44459\/revisions"}],"predecessor-version":[{"id":44461,"href":"https:\/\/zapala8340.com.ar\/index.php?rest_route=\/wp\/v2\/posts\/44459\/revisions\/44461"}],"wp:featuredmedia":[{"embeddable":true,"href":"https:\/\/zapala8340.com.ar\/index.php?rest_route=\/wp\/v2\/media\/44460"}],"wp:attachment":[{"href":"https:\/\/zapala8340.com.ar\/index.php?rest_route=%2Fwp%2Fv2%2Fmedia&parent=44459"}],"wp:term":[{"taxonomy":"category","embeddable":true,"href":"https:\/\/zapala8340.com.ar\/index.php?rest_route=%2Fwp%2Fv2%2Fcategories&post=44459"},{"taxonomy":"post_tag","embeddable":true,"href":"https:\/\/zapala8340.com.ar\/index.php?rest_route=%2Fwp%2Fv2%2Ftags&post=44459"}],"curies":[{"name":"wp","href":"https:\/\/api.w.org\/{rel}","templated":true}]}}