{"id":45249,"date":"2026-08-31T18:20:23","date_gmt":"2026-08-31T21:20:23","guid":{"rendered":"https:\/\/zapala8340.com.ar\/?p=45249"},"modified":"2026-08-31T18:20:23","modified_gmt":"2026-08-31T21:20:23","slug":"se-dicto-un-curso-intensivo-de-dibujo-con-carbonilla","status":"publish","type":"post","link":"https:\/\/zapala8340.com.ar\/?p=45249","title":{"rendered":"Se dict\u00f3 un curso intensivo de dibujo con carbonilla"},"content":{"rendered":"\n<h2 class=\"wp-block-heading\">El Museo Provincial de Artes Visuales abri\u00f3 sus puertas el pasado s\u00e1bado 29 de agosto para una jornada de capacitaci\u00f3n dedicada al dibujo art\u00edstico. La propuesta estuvo a cargo del artista visual Mauro Gonz\u00e1lez y tuvo como eje el uso expresivo de la carbonilla.<\/h2>\n\n\n\n<p>La actividad comenz\u00f3 a las 9 hs y tuvo lugar en la sede del museo, ubicada en Etcheluz 56, contando con la organizaci\u00f3n del Ministerio de Juventud, Deportes y Cultura, a trav\u00e9s de la Secretar\u00eda de Cultura, con acceso libre y gratuito.<\/p>\n\n\n\n<p>A lo largo del curso se desarrollaron ejercicios pr\u00e1cticos orientados al dibujo de la figura humana, con especial atenci\u00f3n en la construcci\u00f3n de la cabeza y el rostro. Se trabaj\u00f3 sobre aspectos como estructura, proporciones, relaciones de tama\u00f1o, direcciones, s\u00edntesis y planos, con el prop\u00f3sito de incorporar herramientas que permitan lograr una representaci\u00f3n m\u00e1s precisa y expresiva.<\/p>\n\n\n\n<figure class=\"wp-block-image\"><img decoding=\"async\" src=\"https:\/\/www.zapala.gob.ar\/wp-content\/uploads\/2026\/08\/Se-dicto-un-curso-intensivo-de-dibujo-con-carbonilla-2-1024x640.jpg\" alt=\"\" class=\"wp-image-37236\"\/><\/figure>\n\n\n\n<p>La capacitaci\u00f3n tambi\u00e9n abord\u00f3 diferentes posibilidades t\u00e9cnicas de la carbonilla, entre ellas el trabajo con valores, la construcci\u00f3n del gris, el dibujo de mancha y el tratamiento de la luz. Estos contenidos se complementaron con nociones de composici\u00f3n y recursos destinados a potenciar la expresividad de las producciones.<\/p>\n\n\n\n<p>La iniciativa apunt\u00f3 a brindar a los participantes un espacio de pr\u00e1ctica y aprendizaje que les permiti\u00f3 ampliar sus conocimientos sobre el dibujo y explorar las posibilidades que ofrece la carbonilla como recurso art\u00edstico.<\/p>\n\n\n\n<p><em>Subsecretar\u00eda de Prensa<\/em><\/p>\n\n\n\n<figure class=\"wp-block-image size-large\"><img loading=\"lazy\" decoding=\"async\" width=\"1024\" height=\"640\" src=\"https:\/\/zapala8340.com.ar\/wp-content\/uploads\/2026\/08\/image-48-1024x640.png\" alt=\"\" class=\"wp-image-45250\" srcset=\"https:\/\/zapala8340.com.ar\/wp-content\/uploads\/2026\/08\/image-48-1024x640.png 1024w, https:\/\/zapala8340.com.ar\/wp-content\/uploads\/2026\/08\/image-48-300x188.png 300w, https:\/\/zapala8340.com.ar\/wp-content\/uploads\/2026\/08\/image-48-768x480.png 768w, https:\/\/zapala8340.com.ar\/wp-content\/uploads\/2026\/08\/image-48-800x500.png 800w, https:\/\/zapala8340.com.ar\/wp-content\/uploads\/2026\/08\/image-48-400x250.png 400w, https:\/\/zapala8340.com.ar\/wp-content\/uploads\/2026\/08\/image-48.png 1068w\" sizes=\"(max-width: 1024px) 100vw, 1024px\" \/><\/figure>\n","protected":false},"excerpt":{"rendered":"<p>El Museo Provincial de Artes Visuales abri\u00f3 sus puertas el pasado s\u00e1bado 29 de agosto&#8230;<\/p>\n","protected":false},"author":1,"featured_media":45250,"comment_status":"open","ping_status":"open","sticky":false,"template":"","format":"standard","meta":{"footnotes":""},"categories":[8],"tags":[],"class_list":["post-45249","post","type-post","status-publish","format-standard","has-post-thumbnail","hentry","category-zapala"],"_links":{"self":[{"href":"https:\/\/zapala8340.com.ar\/index.php?rest_route=\/wp\/v2\/posts\/45249"}],"collection":[{"href":"https:\/\/zapala8340.com.ar\/index.php?rest_route=\/wp\/v2\/posts"}],"about":[{"href":"https:\/\/zapala8340.com.ar\/index.php?rest_route=\/wp\/v2\/types\/post"}],"author":[{"embeddable":true,"href":"https:\/\/zapala8340.com.ar\/index.php?rest_route=\/wp\/v2\/users\/1"}],"replies":[{"embeddable":true,"href":"https:\/\/zapala8340.com.ar\/index.php?rest_route=%2Fwp%2Fv2%2Fcomments&post=45249"}],"version-history":[{"count":1,"href":"https:\/\/zapala8340.com.ar\/index.php?rest_route=\/wp\/v2\/posts\/45249\/revisions"}],"predecessor-version":[{"id":45251,"href":"https:\/\/zapala8340.com.ar\/index.php?rest_route=\/wp\/v2\/posts\/45249\/revisions\/45251"}],"wp:featuredmedia":[{"embeddable":true,"href":"https:\/\/zapala8340.com.ar\/index.php?rest_route=\/wp\/v2\/media\/45250"}],"wp:attachment":[{"href":"https:\/\/zapala8340.com.ar\/index.php?rest_route=%2Fwp%2Fv2%2Fmedia&parent=45249"}],"wp:term":[{"taxonomy":"category","embeddable":true,"href":"https:\/\/zapala8340.com.ar\/index.php?rest_route=%2Fwp%2Fv2%2Fcategories&post=45249"},{"taxonomy":"post_tag","embeddable":true,"href":"https:\/\/zapala8340.com.ar\/index.php?rest_route=%2Fwp%2Fv2%2Ftags&post=45249"}],"curies":[{"name":"wp","href":"https:\/\/api.w.org\/{rel}","templated":true}]}}