{"id":45255,"date":"2026-09-02T22:04:17","date_gmt":"2026-09-03T01:04:17","guid":{"rendered":"https:\/\/zapala8340.com.ar\/?p=45255"},"modified":"2026-09-02T22:04:18","modified_gmt":"2026-09-03T01:04:18","slug":"caputo-responde-a-la-union-industrialdefiendo-a-los-argentinos-no-a-empresarios","status":"publish","type":"post","link":"https:\/\/zapala8340.com.ar\/?p=45255","title":{"rendered":"Caputo responde a la Uni\u00f3n Industrial:\u201cDefiendo a los argentinos, no a empresarios\u201d"},"content":{"rendered":"\n<h2 class=\"wp-block-heading\">El ministro de Econom\u00eda, <strong>Luis Caputo<\/strong>, respondi\u00f3 a las cr\u00edticas del vicepresidente de la Uni\u00f3n Industrial Argentina (UIA), <strong>Guillermo Moretti<\/strong>, quien lo hab\u00eda descalificado al definirlo como un \u201ctrader que no sabe lo que es un torno\u201d.<\/h2>\n\n\n\n<p>Durante el evento <em>Vientos de cambio<\/em>, realizado en el Hotel Sheraton de Retiro, Caputo defendi\u00f3 la orientaci\u00f3n econ\u00f3mica del gobierno de <strong>Javier Milei<\/strong> y marc\u00f3 distancia con los reclamos industriales. \u201cEntiendo las frustraciones que todo cambio genera, pero como ministro de Econom\u00eda me toca defender los intereses de 48 millones de argentinos, no de determinados empresarios\u201d, afirm\u00f3.<\/p>\n\n\n\n<p><\/p>\n\n\n\n<p>El cruce con la UIA se da en un contexto de tensi\u00f3n: en el <strong>D\u00eda de la Industria<\/strong>, ning\u00fan funcionario nacional particip\u00f3 del acto oficial de la entidad, a diferencia del a\u00f1o pasado, cuando s\u00ed estuvieron Caputo y Diego Santilli.<\/p>\n\n\n\n<p><\/p>\n\n\n\n<figure class=\"wp-block-image size-large\"><img loading=\"lazy\" decoding=\"async\" width=\"1024\" height=\"581\" src=\"https:\/\/zapala8340.com.ar\/wp-content\/uploads\/2026\/09\/image-1024x581.png\" alt=\"\" class=\"wp-image-45256\" srcset=\"https:\/\/zapala8340.com.ar\/wp-content\/uploads\/2026\/09\/image-1024x581.png 1024w, https:\/\/zapala8340.com.ar\/wp-content\/uploads\/2026\/09\/image-300x170.png 300w, https:\/\/zapala8340.com.ar\/wp-content\/uploads\/2026\/09\/image-768x436.png 768w, https:\/\/zapala8340.com.ar\/wp-content\/uploads\/2026\/09\/image.png 1536w\" sizes=\"(max-width: 1024px) 100vw, 1024px\" \/><\/figure>\n","protected":false},"excerpt":{"rendered":"<p>El ministro de Econom\u00eda, Luis Caputo, respondi\u00f3 a las cr\u00edticas del vicepresidente de la Uni\u00f3n&#8230;<\/p>\n","protected":false},"author":1,"featured_media":45256,"comment_status":"open","ping_status":"open","sticky":false,"template":"","format":"standard","meta":{"footnotes":""},"categories":[16],"tags":[],"class_list":["post-45255","post","type-post","status-publish","format-standard","has-post-thumbnail","hentry","category-politica"],"_links":{"self":[{"href":"https:\/\/zapala8340.com.ar\/index.php?rest_route=\/wp\/v2\/posts\/45255"}],"collection":[{"href":"https:\/\/zapala8340.com.ar\/index.php?rest_route=\/wp\/v2\/posts"}],"about":[{"href":"https:\/\/zapala8340.com.ar\/index.php?rest_route=\/wp\/v2\/types\/post"}],"author":[{"embeddable":true,"href":"https:\/\/zapala8340.com.ar\/index.php?rest_route=\/wp\/v2\/users\/1"}],"replies":[{"embeddable":true,"href":"https:\/\/zapala8340.com.ar\/index.php?rest_route=%2Fwp%2Fv2%2Fcomments&post=45255"}],"version-history":[{"count":1,"href":"https:\/\/zapala8340.com.ar\/index.php?rest_route=\/wp\/v2\/posts\/45255\/revisions"}],"predecessor-version":[{"id":45257,"href":"https:\/\/zapala8340.com.ar\/index.php?rest_route=\/wp\/v2\/posts\/45255\/revisions\/45257"}],"wp:featuredmedia":[{"embeddable":true,"href":"https:\/\/zapala8340.com.ar\/index.php?rest_route=\/wp\/v2\/media\/45256"}],"wp:attachment":[{"href":"https:\/\/zapala8340.com.ar\/index.php?rest_route=%2Fwp%2Fv2%2Fmedia&parent=45255"}],"wp:term":[{"taxonomy":"category","embeddable":true,"href":"https:\/\/zapala8340.com.ar\/index.php?rest_route=%2Fwp%2Fv2%2Fcategories&post=45255"},{"taxonomy":"post_tag","embeddable":true,"href":"https:\/\/zapala8340.com.ar\/index.php?rest_route=%2Fwp%2Fv2%2Ftags&post=45255"}],"curies":[{"name":"wp","href":"https:\/\/api.w.org\/{rel}","templated":true}]}}