{"id":6313,"date":"2019-05-20T16:13:10","date_gmt":"2019-05-20T19:13:10","guid":{"rendered":"http:\/\/zapala8340.com.ar\/?p=6313"},"modified":"2019-05-20T16:13:12","modified_gmt":"2019-05-20T19:13:12","slug":"los-atrapan-llevando-300-kilos-de-carne-de-ciervo-y-jabali-sin-permisos","status":"publish","type":"post","link":"https:\/\/zapala8340.com.ar\/?p=6313","title":{"rendered":"Los atrapan llevando 300 kilos de carne de ciervo y jabal\u00ed sin permisos"},"content":{"rendered":"\n<p class=\"has-text-color has-medium-font-size has-very-dark-gray-color\">Fue durante un operativo de Gendarmer\u00eda, realizado este domingo, en el acceso a Jun\u00edn de los Andes. La carne fue incautada.<\/p>\n\n\n\n<p class=\"has-text-color has-medium-font-size has-very-dark-gray-color\">Un control de Gendarmer\u00eda Nacional sobre la Ruta Nacional 40, en el ingreso a Jun\u00edn de los Andes, permiti\u00f3 el secuestro de casi 300 kilos de carne recientemente faenada de ciervo y jabal\u00ed. La misma era transportada sin permisos en dos camionetas.<\/p>\n\n\n\n<p class=\"has-text-color has-medium-font-size has-very-dark-gray-color\">Los dos veh\u00edculos eran conducidos por cazadores quienes habr\u00edan dado muerte a esos animales durante la ma\u00f1ana del domingo y luego los faenaron, colocaron la carne en bolsas pl\u00e1sticas e intentaban pasar hacia San Mart\u00edn de los Andes.<\/p>\n\n\n\n<p class=\"has-text-color has-medium-font-size has-very-dark-gray-color\">En el procedimiento, adem\u00e1s de Gendarmer\u00eda, intervinieron guardafaunas y de la Brigada Rural de Polic\u00eda, quienes procedieron al\u00a0decomiso.<\/p>\n\n\n\n<figure class=\"wp-block-image\"><img decoding=\"async\" src=\"https:\/\/media.lmneuquen.com\/adjuntos\/195\/imagenes\/003\/624\/0003624922.jpg?0000-00-00-00-00-00\" alt=\"\"\/><\/figure>\n\n\n\n<p class=\"has-text-color has-medium-font-size has-very-dark-gray-color\">Seg\u00fan indicaron las fuentes a LMN, los cazadores no contaban con las gu\u00edas de traslado por lo que la carne fue incautada y luego se llevar\u00eda a un comedor o instituci\u00f3n de la zona.<\/p>\n\n\n\n<p><br><\/p>\n","protected":false},"excerpt":{"rendered":"<p>Fue durante un operativo de Gendarmer\u00eda, realizado este domingo, en el acceso a Jun\u00edn de&#8230;<\/p>\n","protected":false},"author":1,"featured_media":6314,"comment_status":"open","ping_status":"open","sticky":false,"template":"","format":"standard","meta":{"footnotes":""},"categories":[31],"tags":[],"class_list":["post-6313","post","type-post","status-publish","format-standard","has-post-thumbnail","hentry","category-provincia"],"_links":{"self":[{"href":"https:\/\/zapala8340.com.ar\/index.php?rest_route=\/wp\/v2\/posts\/6313"}],"collection":[{"href":"https:\/\/zapala8340.com.ar\/index.php?rest_route=\/wp\/v2\/posts"}],"about":[{"href":"https:\/\/zapala8340.com.ar\/index.php?rest_route=\/wp\/v2\/types\/post"}],"author":[{"embeddable":true,"href":"https:\/\/zapala8340.com.ar\/index.php?rest_route=\/wp\/v2\/users\/1"}],"replies":[{"embeddable":true,"href":"https:\/\/zapala8340.com.ar\/index.php?rest_route=%2Fwp%2Fv2%2Fcomments&post=6313"}],"version-history":[{"count":1,"href":"https:\/\/zapala8340.com.ar\/index.php?rest_route=\/wp\/v2\/posts\/6313\/revisions"}],"predecessor-version":[{"id":6315,"href":"https:\/\/zapala8340.com.ar\/index.php?rest_route=\/wp\/v2\/posts\/6313\/revisions\/6315"}],"wp:featuredmedia":[{"embeddable":true,"href":"https:\/\/zapala8340.com.ar\/index.php?rest_route=\/wp\/v2\/media\/6314"}],"wp:attachment":[{"href":"https:\/\/zapala8340.com.ar\/index.php?rest_route=%2Fwp%2Fv2%2Fmedia&parent=6313"}],"wp:term":[{"taxonomy":"category","embeddable":true,"href":"https:\/\/zapala8340.com.ar\/index.php?rest_route=%2Fwp%2Fv2%2Fcategories&post=6313"},{"taxonomy":"post_tag","embeddable":true,"href":"https:\/\/zapala8340.com.ar\/index.php?rest_route=%2Fwp%2Fv2%2Ftags&post=6313"}],"curies":[{"name":"wp","href":"https:\/\/api.w.org\/{rel}","templated":true}]}}