{"id":8598,"date":"2019-10-23T22:07:40","date_gmt":"2019-10-24T01:07:40","guid":{"rendered":"http:\/\/zapala8340.com.ar\/?p=8598"},"modified":"2019-10-23T22:07:42","modified_gmt":"2019-10-24T01:07:42","slug":"lo-condenan-a-7-anos-de-prision-por-violar-a-una-adolescente-mientras-dormia","status":"publish","type":"post","link":"https:\/\/zapala8340.com.ar\/?p=8598","title":{"rendered":"Lo condenan a  7 a\u00f1os de prisi\u00f3n por violar a una adolescente mientras dorm\u00eda"},"content":{"rendered":"\n<p class=\"has-text-color has-medium-font-size has-very-dark-gray-color\">El aberrante hecho ocurri\u00f3 en julio de 2018, en una localidad pr\u00f3xima a Zapala.<\/p>\n\n\n\n<p class=\"has-text-color has-medium-font-size has-very-dark-gray-color\">Por pedido del fiscal del caso Marcelo Jofr\u00e9, un hombre, L.P, fue condenado a la pena de siete a\u00f1os de prisi\u00f3n de cumplimiento efectivo por haber abusado sexualmente de una adolescente en una localidad cercana a la ciudad de Zapala.<br><\/p>\n\n\n\n<p class=\"has-text-color has-medium-font-size has-very-dark-gray-color\">La pena se determin\u00f3 ayer durante una audiencia realizada en Zapala, en la que el fiscal del caso solicit\u00f3 que el imputado sea condenado a 11 a\u00f1os de prisi\u00f3n. La defensora de los Derechos del Ni\u00f1o y el Adolescente Paula Castro Liptak, hab\u00eda adherido al pedido de la fiscal\u00eda.<\/p>\n\n\n\n<p class=\"has-text-color has-medium-font-size has-very-dark-gray-color\">La condena de siete a\u00f1os de prisi\u00f3n impuesta por el tribunal colegiado se dio a conocer luego de escuchar diversos testimonios durante la audiencia.<\/p>\n\n\n\n<p class=\"has-text-color has-medium-font-size has-very-dark-gray-color\">En agosto pasado, durante una audiencia en la que se debati\u00f3 la responsabilidad del imputado, L.P hab\u00eda sido declarado penalmente responsable del delito de abuso sexual con acceso carnal, en calidad de autor (art\u00edculo 119 incisos 1 y 3 y 45 del C\u00f3digo Penal).<\/p>\n\n\n\n<p class=\"has-text-color has-medium-font-size has-very-dark-gray-color\">La teor\u00eda del caso que logr\u00f3 acreditar el Ministerio P\u00fablico Fiscal fue que el hecho ocurri\u00f3 el 16 de julio de 2018 aproximadamente a las 7:30 en el interior de una vivienda ubicada en la localidad pr\u00f3xima a Zapala. El imputado abus\u00f3 sexualmente de la adolescente, quien se encontraba durmiendo en la vivienda.<\/p>\n\n\n\n<p class=\"has-text-color has-medium-font-size has-very-dark-gray-color\">\u201cFue una vulneraci\u00f3n del derecho a la mujer a decidir libremente sobre su vida sexual, constituyendo una violaci\u00f3n de los derechos humanos y las libertades fundamentales que limitan a la v\u00edctima el reconocimiento, goce y ejercicio de su derecho y libertad\u201d, hab\u00eda puntualizado el fiscal del caso.<\/p>\n\n\n\n<p><br><\/p>\n","protected":false},"excerpt":{"rendered":"<p>El aberrante hecho ocurri\u00f3 en julio de 2018, en una localidad pr\u00f3xima a Zapala. Por&#8230;<\/p>\n","protected":false},"author":1,"featured_media":8601,"comment_status":"open","ping_status":"open","sticky":false,"template":"","format":"standard","meta":{"footnotes":""},"categories":[8],"tags":[],"class_list":["post-8598","post","type-post","status-publish","format-standard","has-post-thumbnail","hentry","category-zapala"],"_links":{"self":[{"href":"https:\/\/zapala8340.com.ar\/index.php?rest_route=\/wp\/v2\/posts\/8598"}],"collection":[{"href":"https:\/\/zapala8340.com.ar\/index.php?rest_route=\/wp\/v2\/posts"}],"about":[{"href":"https:\/\/zapala8340.com.ar\/index.php?rest_route=\/wp\/v2\/types\/post"}],"author":[{"embeddable":true,"href":"https:\/\/zapala8340.com.ar\/index.php?rest_route=\/wp\/v2\/users\/1"}],"replies":[{"embeddable":true,"href":"https:\/\/zapala8340.com.ar\/index.php?rest_route=%2Fwp%2Fv2%2Fcomments&post=8598"}],"version-history":[{"count":2,"href":"https:\/\/zapala8340.com.ar\/index.php?rest_route=\/wp\/v2\/posts\/8598\/revisions"}],"predecessor-version":[{"id":8602,"href":"https:\/\/zapala8340.com.ar\/index.php?rest_route=\/wp\/v2\/posts\/8598\/revisions\/8602"}],"wp:featuredmedia":[{"embeddable":true,"href":"https:\/\/zapala8340.com.ar\/index.php?rest_route=\/wp\/v2\/media\/8601"}],"wp:attachment":[{"href":"https:\/\/zapala8340.com.ar\/index.php?rest_route=%2Fwp%2Fv2%2Fmedia&parent=8598"}],"wp:term":[{"taxonomy":"category","embeddable":true,"href":"https:\/\/zapala8340.com.ar\/index.php?rest_route=%2Fwp%2Fv2%2Fcategories&post=8598"},{"taxonomy":"post_tag","embeddable":true,"href":"https:\/\/zapala8340.com.ar\/index.php?rest_route=%2Fwp%2Fv2%2Ftags&post=8598"}],"curies":[{"name":"wp","href":"https:\/\/api.w.org\/{rel}","templated":true}]}}