{"id":8866,"date":"2019-11-10T21:56:12","date_gmt":"2019-11-11T00:56:12","guid":{"rendered":"http:\/\/zapala8340.com.ar\/?p=8866"},"modified":"2019-11-10T21:56:13","modified_gmt":"2019-11-11T00:56:13","slug":"tras-13-anos-en-el-poder-evo-morales-renuncio-a-la-presidencia-de-bolivia","status":"publish","type":"post","link":"https:\/\/zapala8340.com.ar\/?p=8866","title":{"rendered":"Tras 13 a\u00f1os en el poder Evo Morales renunci\u00f3 a la presidencia de Bolivia"},"content":{"rendered":"\n<p><\/p>\n\n\n\n<p><\/p>\n\n\n\n<p class=\"has-text-color has-medium-font-size has-very-dark-gray-color\"> El mandatario boliviano y su vicepresidente, \u00c1lvaro Garc\u00eda Linera, dimitieron en medio de masivas protestas y motines policiales en su contra. Esta ma\u00f1ana, cercado por el informe de la OEA que confirm\u00f3 el fraude en la primera vuelta electoral, el l\u00edder izquierdista hab\u00eda convocado a repetir los comicios <\/p>\n\n\n\n<p class=\"has-text-color has-medium-font-size has-very-dark-gray-color\"><strong>Cercado por la sprotestas, Evo Morales finalmente renunci\u00f3.<\/strong> Es que las manifestaciones contra el presidente boliviano continuaron este domingo en las calles del pa\u00eds, a pesar de que esta ma\u00f1ana convoc\u00f3 a nuevas elecciones tras un informe de la OEA que revel\u00f3 \u201cirregularidades\u201d en los comicios de octubre. <\/p>\n\n\n\n<p class=\"has-text-color has-medium-font-size has-very-dark-gray-color\"> La decisi\u00f3n fue anunciada despu\u00e9s de que el comandante general de las Fuerzas Armadas, Williams Kaliman, y el de la Polic\u00eda Nacional, Vladimir Calder\u00f3n,\u00a0<a rel=\"noreferrer noopener\" href=\"https:\/\/www.infobae.com\/america\/america-latina\/2019\/11\/10\/las-ffaa-de-bolivia-le-pidieron-la-renuncia-a-evo-morales\/\" target=\"_blank\">le soliciten que d\u00e9 un paso al costado para desactivar la crisis pol\u00edtica y social<\/a>. <\/p>\n\n\n\n<p><\/p>\n\n\n\n<p class=\"has-text-color has-medium-font-size has-very-dark-gray-color\"><strong>\u201cHe decidido, escuchando a mis compa\u00f1eros (&#8230;), a la iglesia cat\u00f3lica, renunciar a mi cargo de la presidencia\u201d, declar\u00f3.\u00a0\u201cLa lucha no termina ac\u00e1\u201d, advirti\u00f3 con la voz entrecortada por momentos, para insistir en su denuncia de un \u201cgolpe c\u00edvico, pol\u00edtico y policial\u201d instigado por \u201cgrupos olig\u00e1rquicos que conspiran contra de democracia\u201d.<\/strong><\/p>\n\n\n\n<p><a rel=\"noreferrer noopener\" target=\"_blank\" href=\"https:\/\/twitter.com\/intent\/tweet?text=Renunci%C3%B3%20Evo%20Morales&amp;url=https:\/\/www.infobae.com\/america\/america-latina\/2019\/11\/10\/renuncio-evo-morales\/%23ZSMRGV2JXJFPJOTJDWHJ4QNIHI\"><\/a><a rel=\"noreferrer noopener\" target=\"_blank\" href=\"https:\/\/pinterest.com\/pin\/create\/button\/?&amp;media=https:\/\/arc-anglerfish-arc2-prod-infobae.s3.amazonaws.com\/public\/ZSMRGV2JXJFPJOTJDWHJ4QNIHI.jpg&amp;description=Renunci%C3%B3%20Evo%20Morales&amp;url=https:\/\/www.infobae.com\/america\/america-latina\/2019\/11\/10\/renuncio-evo-morales\/%23ZSMRGV2JXJFPJOTJDWHJ4QNIHI\"><\/a><a rel=\"noreferrer noopener\" target=\"_blank\" href=\"whatsapp:\/\/send?text=Renunci%C3%B3%20Evo%20Morales%20-%20https:\/\/www.infobae.com\/america\/america-latina\/2019\/11\/10\/renuncio-evo-morales\/%23ZSMRGV2JXJFPJOTJDWHJ4QNIHI\"><\/a><a rel=\"noreferrer noopener\" target=\"_blank\" href=\"https:\/\/telegram.me\/share\/url?url=https:\/\/www.infobae.com\/america\/america-latina\/2019\/11\/10\/renuncio-evo-morales\/%23ZSMRGV2JXJFPJOTJDWHJ4QNIHI&amp;text=Renunci%C3%B3%20Evo%20Morales\"><\/a><\/p>\n\n\n\n<figure class=\"wp-block-image\"><img decoding=\"async\" src=\"https:\/\/www.infobae.com\/new-resizer\/3uVYVaGYb8652btAiGCv3J1SX4U=\/750x0\/filters:quality(100)\/arc-anglerfish-arc2-prod-infobae.s3.amazonaws.com\/public\/ZSMRGV2JXJFPJOTJDWHJ4QNIHI.jpg\" alt=\"Con la tensi\u00f3n en un pico m\u00e1ximo, el l\u00edder boliviano abord\u00f3 el avi\u00f3n presidencial con el vicepresidente, \u00c1lvaro Garc\u00eda Linera, rumbo a Cochabamba, feudo donde se sent\u00eda m\u00e1s protegido\"\/><\/figure>\n\n\n\n<p style=\"text-align:left\"> <br>Con la tensi\u00f3n en un pico m\u00e1ximo, el l\u00edder boliviano abord\u00f3 el avi\u00f3n presidencial con el vicepresidente, \u00c1lvaro Garc\u00eda Linera, rumbo a Cochabamba, feudo donde se sent\u00eda m\u00e1s protegido <\/p>\n\n\n\n<p><\/p>\n\n\n\n<p class=\"has-text-color has-medium-font-size has-very-dark-gray-color\">Morales asegur\u00f3 que estar\u00e1 en un futuro en el tr\u00f3pico de Cochabamba, la zona de Bolivia desde la que inici\u00f3 su carrera pol\u00edtica, tras una serie de rumores sobre su salida del pa\u00eds.<strong>&#8220;No tengo por qu\u00e9 escapar&#8221;, declar\u00f3, porque \u201cno he robado nada\u201d, dijo.<\/strong><\/p>\n\n\n\n<p class=\"has-text-color has-medium-font-size has-very-dark-gray-color\">Antes del anuncio, el presidente boliviano tom\u00f3 un vuelo desde El Alto (La Paz) hacia Cochabamba, su basti\u00f3n y cuna pol\u00edtica, acompa\u00f1ado del vicepresidente \u00c1lvaro Garc\u00eda Linera, quien tambi\u00e9n renunci\u00f3 a su cargo.<\/p>\n\n\n\n<p><\/p>\n\n\n\n<p><\/p>\n\n\n\n<p>Morales explic\u00f3 que su decisi\u00f3n fue tomada \u201cpara que (Carlos) Mesa y (Fernando) Camacho no sigan persiguiendo a mis hermanos, dirigentes sindicales\u201d, en referencia a ataques sufridos por funcionarios del oficialismo. Por ello, inst\u00f3 a los l\u00edderes opositores a reducir la violencia que azota a gran parte del territorio nacional.<\/p>\n\n\n\n<p><strong>La salida del poder de Morales se ha visto precipitada tras la publicaci\u00f3n del informe preliminar del equipo de auditores de la OEA que ha examinado el proceso electoral del 20 de octubre tras un acuerdo con el Gobierno boliviano. El informe refleja irregularidades en todos los aspectos bajo investigaci\u00f3n y por tanto la OEA solicit\u00f3 la repetici\u00f3n de los comicios.<\/strong><\/p>\n\n\n\n<p>Los auditores denunciaron una \u201cmanipulaci\u00f3n\u201d del sistema inform\u00e1tico empleado en la transmisi\u00f3n del recuento de votos de tal calibre que ha exigido una investigaci\u00f3n de lo sucedido, y solicitado incluso la disoluci\u00f3n de las actuales autoridades electorales del pa\u00eds.<\/p>\n\n\n\n<p>En t\u00e9rminos generales y por las deficiencias mencionadas, La publicaci\u00f3n del demoledor informe ha impulsado a Morales a anunciar la anulaci\u00f3n de las elecciones y la convocatoria de una nueva cita electoral ya con un Tribunal Supremo Electoral (TSE) renovado, como demandaba la oposici\u00f3n. Sin embargo, pese a esta victoria, de inmediato las voces m\u00e1s radicales de la oposici\u00f3n demandaron adem\u00e1s la renuncia de Morales.en los comicios que estableci\u00f3 el mencionado sistema.<\/p>\n\n\n\n<p>\u201cEn virtud de la gravedad de las denuncias y an\u00e1lisis respecto al proceso electoral que me ha trasladado el equipo de auditores nos cabe manifestar que la primera ronda de las elecciones celebrada el 20 de octubre pasado debe ser anulada y el proceso electoral debe comenzar nuevamente\u201d, seg\u00fan ha manifestado Almagro a trav\u00e9s de un comunicado.<\/p>\n\n\n\n<p><br><\/p>\n\n\n","protected":false},"excerpt":{"rendered":"<p>El mandatario boliviano y su vicepresidente, \u00c1lvaro Garc\u00eda Linera, dimitieron en medio de masivas protestas&#8230;<\/p>\n","protected":false},"author":1,"featured_media":8868,"comment_status":"open","ping_status":"open","sticky":false,"template":"","format":"standard","meta":{"footnotes":""},"categories":[78],"tags":[],"class_list":["post-8866","post","type-post","status-publish","format-standard","has-post-thumbnail","hentry","category-america-latina"],"_links":{"self":[{"href":"https:\/\/zapala8340.com.ar\/index.php?rest_route=\/wp\/v2\/posts\/8866"}],"collection":[{"href":"https:\/\/zapala8340.com.ar\/index.php?rest_route=\/wp\/v2\/posts"}],"about":[{"href":"https:\/\/zapala8340.com.ar\/index.php?rest_route=\/wp\/v2\/types\/post"}],"author":[{"embeddable":true,"href":"https:\/\/zapala8340.com.ar\/index.php?rest_route=\/wp\/v2\/users\/1"}],"replies":[{"embeddable":true,"href":"https:\/\/zapala8340.com.ar\/index.php?rest_route=%2Fwp%2Fv2%2Fcomments&post=8866"}],"version-history":[{"count":2,"href":"https:\/\/zapala8340.com.ar\/index.php?rest_route=\/wp\/v2\/posts\/8866\/revisions"}],"predecessor-version":[{"id":8869,"href":"https:\/\/zapala8340.com.ar\/index.php?rest_route=\/wp\/v2\/posts\/8866\/revisions\/8869"}],"wp:featuredmedia":[{"embeddable":true,"href":"https:\/\/zapala8340.com.ar\/index.php?rest_route=\/wp\/v2\/media\/8868"}],"wp:attachment":[{"href":"https:\/\/zapala8340.com.ar\/index.php?rest_route=%2Fwp%2Fv2%2Fmedia&parent=8866"}],"wp:term":[{"taxonomy":"category","embeddable":true,"href":"https:\/\/zapala8340.com.ar\/index.php?rest_route=%2Fwp%2Fv2%2Fcategories&post=8866"},{"taxonomy":"post_tag","embeddable":true,"href":"https:\/\/zapala8340.com.ar\/index.php?rest_route=%2Fwp%2Fv2%2Ftags&post=8866"}],"curies":[{"name":"wp","href":"https:\/\/api.w.org\/{rel}","templated":true}]}}