{"id":8872,"date":"2019-11-11T00:35:03","date_gmt":"2019-11-11T03:35:03","guid":{"rendered":"http:\/\/zapala8340.com.ar\/?p=8872"},"modified":"2019-11-11T00:35:06","modified_gmt":"2019-11-11T03:35:06","slug":"evo-morales-no-tengo-por-que-escaparme","status":"publish","type":"post","link":"https:\/\/zapala8340.com.ar\/?p=8872","title":{"rendered":"Evo Morales: &#8220;No tengo por qu\u00e9 escaparme&#8221;"},"content":{"rendered":"\n<p class=\"has-text-color has-medium-font-size has-very-dark-gray-color\">LA PAZ (DPA).- En medio de la creciente tensi\u00f3n que azota a <strong>Bolivia\u00a0<\/strong>en estas horas y tras\u00a0<strong>la renuncia de Evo Morales<\/strong>, el exmandatario parti\u00f3 en el avi\u00f3n presidencial desde el aeropuerto de El Alto, cerca de La Paz, con destino a la localidad de\u00a0<strong>Chimor\u00e9<\/strong>, en el departamento de Cochabamba. Apunt\u00f3 que no tiene &#8220;por qu\u00e9 escaparse&#8221;.<\/p>\n\n\n\n<p class=\"has-text-color has-medium-font-size has-very-dark-gray-color\">&#8221;\u00a0<a href=\"https:\/\/www.lanacion.com.ar\/el-mundo\/bolivia-las-fuerzas-armadas-pidieron-renuncia-evo-nid2305192\">Vamos a seguir desde las bases<\/a>. Con seguridad. Yo vuelvo a la zona del tr\u00f3pico de Cochabamba para estar con mis compa\u00f1eros. No tengo por qu\u00e9 escaparme, quiero que sepa el pueblo boliviano. No he robado a nadie. Nada. Si alguien piensa que estamos robando, que me diga, que presente una prueba, una prueba de que hemos robado&#8221;, subray\u00f3, seg\u00fan informaciones de la agencia boliviana de noticias ABI.<\/p>\n\n\n\n<figure class=\"wp-block-image\"><img loading=\"lazy\" decoding=\"async\" width=\"883\" height=\"585\" src=\"http:\/\/zapala8340.com.ar\/wp-content\/uploads\/2019\/11\/01.jpg\" alt=\"\" class=\"wp-image-8873\" srcset=\"https:\/\/zapala8340.com.ar\/wp-content\/uploads\/2019\/11\/01.jpg 883w, https:\/\/zapala8340.com.ar\/wp-content\/uploads\/2019\/11\/01-300x199.jpg 300w, https:\/\/zapala8340.com.ar\/wp-content\/uploads\/2019\/11\/01-768x509.jpg 768w\" sizes=\"(max-width: 883px) 100vw, 883px\" \/><\/figure>\n\n\n\n<figure class=\"wp-block-image\"><img loading=\"lazy\" decoding=\"async\" width=\"887\" height=\"593\" src=\"http:\/\/zapala8340.com.ar\/wp-content\/uploads\/2019\/11\/02.jpg\" alt=\"\" class=\"wp-image-8874\" srcset=\"https:\/\/zapala8340.com.ar\/wp-content\/uploads\/2019\/11\/02.jpg 887w, https:\/\/zapala8340.com.ar\/wp-content\/uploads\/2019\/11\/02-300x201.jpg 300w, https:\/\/zapala8340.com.ar\/wp-content\/uploads\/2019\/11\/02-768x513.jpg 768w, https:\/\/zapala8340.com.ar\/wp-content\/uploads\/2019\/11\/02-675x450.jpg 675w\" sizes=\"(max-width: 887px) 100vw, 887px\" \/><\/figure>\n\n\n\n<p class=\"has-text-color has-medium-font-size has-very-dark-gray-color\">\n\nEn conferencia de prensa, Morales desminti\u00f3 cualquier rumor sobre una posible fuga del pa\u00eds tras renunciar al cargo como presidente de Bolivia, luego de ser presionado por las fuerzas armadas y la oposici\u00f3n. Tambi\u00e9n insisti\u00f3 en que continuar\u00e1 su lucha por los pobres desde &#8220;las bases del tr\u00f3pico de Cochabamba&#8221;.\n\n<\/p>\n","protected":false},"excerpt":{"rendered":"<p>LA PAZ (DPA).- En medio de la creciente tensi\u00f3n que azota a Bolivia\u00a0en estas horas&#8230;<\/p>\n","protected":false},"author":1,"featured_media":8875,"comment_status":"open","ping_status":"open","sticky":false,"template":"","format":"standard","meta":{"footnotes":""},"categories":[80],"tags":[],"class_list":["post-8872","post","type-post","status-publish","format-standard","has-post-thumbnail","hentry","category-crisis-en-bolivia"],"_links":{"self":[{"href":"https:\/\/zapala8340.com.ar\/index.php?rest_route=\/wp\/v2\/posts\/8872"}],"collection":[{"href":"https:\/\/zapala8340.com.ar\/index.php?rest_route=\/wp\/v2\/posts"}],"about":[{"href":"https:\/\/zapala8340.com.ar\/index.php?rest_route=\/wp\/v2\/types\/post"}],"author":[{"embeddable":true,"href":"https:\/\/zapala8340.com.ar\/index.php?rest_route=\/wp\/v2\/users\/1"}],"replies":[{"embeddable":true,"href":"https:\/\/zapala8340.com.ar\/index.php?rest_route=%2Fwp%2Fv2%2Fcomments&post=8872"}],"version-history":[{"count":1,"href":"https:\/\/zapala8340.com.ar\/index.php?rest_route=\/wp\/v2\/posts\/8872\/revisions"}],"predecessor-version":[{"id":8876,"href":"https:\/\/zapala8340.com.ar\/index.php?rest_route=\/wp\/v2\/posts\/8872\/revisions\/8876"}],"wp:featuredmedia":[{"embeddable":true,"href":"https:\/\/zapala8340.com.ar\/index.php?rest_route=\/wp\/v2\/media\/8875"}],"wp:attachment":[{"href":"https:\/\/zapala8340.com.ar\/index.php?rest_route=%2Fwp%2Fv2%2Fmedia&parent=8872"}],"wp:term":[{"taxonomy":"category","embeddable":true,"href":"https:\/\/zapala8340.com.ar\/index.php?rest_route=%2Fwp%2Fv2%2Fcategories&post=8872"},{"taxonomy":"post_tag","embeddable":true,"href":"https:\/\/zapala8340.com.ar\/index.php?rest_route=%2Fwp%2Fv2%2Ftags&post=8872"}],"curies":[{"name":"wp","href":"https:\/\/api.w.org\/{rel}","templated":true}]}}