{"id":9188,"date":"2019-12-14T13:35:05","date_gmt":"2019-12-14T16:35:05","guid":{"rendered":"http:\/\/zapala8340.com.ar\/?p=9188"},"modified":"2019-12-14T13:35:13","modified_gmt":"2019-12-14T16:35:13","slug":"alberto-fernandez-firmo-un-dnu-que-establece-la-doble-indemnizacion-por-seis-meses","status":"publish","type":"post","link":"https:\/\/zapala8340.com.ar\/?p=9188","title":{"rendered":"Alberto Fern\u00e1ndez firm\u00f3 un DNU que establece la doble indemnizaci\u00f3n por seis meses"},"content":{"rendered":"\n<p class=\"has-text-color has-medium-font-size has-very-dark-gray-color\"><a href=\"https:\/\/noticiasnqn.com.ar\/nacionales\"><\/a>El presidente Alberto Fern\u00e1ndez firm\u00f3 esta noche un Decreto de Necesidad y Urgencia (DNU) que establece la doble indemnizaci\u00f3n por 180 d\u00edas para los despidos sin justa causa.<br>El DNU, que propuso el ministro de Trabajo, Claudio Moroni, declara la emergencia p\u00fablica en materia ocupacional por seis meses. Pero la medida se aplicar\u00e1 para los trabajadores que ya se encuentran en relaci\u00f3n de dependencia. Esto quiere decir que los nuevos trabajadores no tendr\u00e1n derecho a solicitar la doble indemnizaci\u00f3n.<br>El objetivo de la medida es desincentivar posibles despidos por medio a\u00f1o, como una forma de enfrentar los efectos de la crisis econ\u00f3mica.<br>En los considerandos del DNU, el Presidente justific\u00f3 la decisi\u00f3n por el alza de la tasa de desempleo que hoy es del 10,6%. Incluso, seg\u00fan detall\u00f3, el desempleo en los j\u00f3venes supera el 18% entre los varones y el 23% entre las mujeres.<br>El Gobierno busca as\u00ed frenar la ca\u00edda del empleo formal. Seg\u00fan datos oficiales, en el \u00faltimo a\u00f1o perdieron su trabajo 139.000 personas. La norma tambi\u00e9n recuerda que en 2016 el Congreso advirti\u00f3 sobre el problema y sancion\u00f3 el proyecto de ley 27.251, que conten\u00eda la prohibici\u00f3n de los despidos sin causa. La iniciativa, sin embargo, fue vetada por el expresidente Mauricio Macri.<strong>FUENTE:&nbsp;La Naci\u00f3n<\/strong><\/p>\n","protected":false},"excerpt":{"rendered":"<p>El presidente Alberto Fern\u00e1ndez firm\u00f3 esta noche un Decreto de Necesidad y Urgencia (DNU) que&#8230;<\/p>\n","protected":false},"author":1,"featured_media":9189,"comment_status":"open","ping_status":"open","sticky":false,"template":"","format":"standard","meta":{"footnotes":""},"categories":[4],"tags":[],"class_list":["post-9188","post","type-post","status-publish","format-standard","has-post-thumbnail","hentry","category-nacionales"],"_links":{"self":[{"href":"https:\/\/zapala8340.com.ar\/index.php?rest_route=\/wp\/v2\/posts\/9188"}],"collection":[{"href":"https:\/\/zapala8340.com.ar\/index.php?rest_route=\/wp\/v2\/posts"}],"about":[{"href":"https:\/\/zapala8340.com.ar\/index.php?rest_route=\/wp\/v2\/types\/post"}],"author":[{"embeddable":true,"href":"https:\/\/zapala8340.com.ar\/index.php?rest_route=\/wp\/v2\/users\/1"}],"replies":[{"embeddable":true,"href":"https:\/\/zapala8340.com.ar\/index.php?rest_route=%2Fwp%2Fv2%2Fcomments&post=9188"}],"version-history":[{"count":1,"href":"https:\/\/zapala8340.com.ar\/index.php?rest_route=\/wp\/v2\/posts\/9188\/revisions"}],"predecessor-version":[{"id":9190,"href":"https:\/\/zapala8340.com.ar\/index.php?rest_route=\/wp\/v2\/posts\/9188\/revisions\/9190"}],"wp:featuredmedia":[{"embeddable":true,"href":"https:\/\/zapala8340.com.ar\/index.php?rest_route=\/wp\/v2\/media\/9189"}],"wp:attachment":[{"href":"https:\/\/zapala8340.com.ar\/index.php?rest_route=%2Fwp%2Fv2%2Fmedia&parent=9188"}],"wp:term":[{"taxonomy":"category","embeddable":true,"href":"https:\/\/zapala8340.com.ar\/index.php?rest_route=%2Fwp%2Fv2%2Fcategories&post=9188"},{"taxonomy":"post_tag","embeddable":true,"href":"https:\/\/zapala8340.com.ar\/index.php?rest_route=%2Fwp%2Fv2%2Ftags&post=9188"}],"curies":[{"name":"wp","href":"https:\/\/api.w.org\/{rel}","templated":true}]}}