{"id":9230,"date":"2019-12-22T16:44:30","date_gmt":"2019-12-22T19:44:30","guid":{"rendered":"http:\/\/zapala8340.com.ar\/?p=9230"},"modified":"2019-12-22T16:44:34","modified_gmt":"2019-12-22T19:44:34","slug":"en-siete-dias-se-registraron-seis-sismos-en-anelo","status":"publish","type":"post","link":"https:\/\/zapala8340.com.ar\/?p=9230","title":{"rendered":"En siete d\u00edas, se registraron seis sismos en A\u00f1elo"},"content":{"rendered":"\n<p class=\"has-text-color has-medium-font-size has-very-dark-gray-color\">Seg\u00fan la informaci\u00f3n publicada en Red Geo Chile, el primero de ellos tuvo lugar el 15 de diciembre, y el \u00faltimo, ayer por la ma\u00f1ana.<\/p>\n\n\n\n<p class=\"has-text-color has-medium-font-size has-very-dark-gray-color\">Desde el pasado 15 de diciembre, en cercan\u00edas a la localidad de\u00a0A\u00f1elo\u00a0se registraron seis sismos, de los cuales, dos de ellos fueron percibidos.<\/p>\n\n\n\n<p class=\"has-text-color has-medium-font-size has-very-dark-gray-color\">Seg\u00fan la informaci\u00f3n publicada en Red Geo Chile, el primero de ellos tuvo lugar el 15 de diciembre, y el \u00faltimo, ayer por la ma\u00f1ana.<\/p>\n\n\n\n<figure class=\"wp-block-image\"><img decoding=\"async\" src=\"https:\/\/media.lmneuquen.com\/adjuntos\/195\/imagenes\/004\/380\/0004380473.jpg?0000-00-00-00-00-00\" alt=\"\"\/><\/figure>\n\n\n\n<p class=\"has-text-color has-medium-font-size has-very-dark-gray-color\">El 16 de diciembre, a las 01:52, a 32 km al Norte de A\u00f1elo, tuvo lugar el segundo\u00a0sismo, con una magnitud de 2.5 ML, y una profundidad de 6,7 km.<\/p>\n\n\n\n<p class=\"has-text-color has-medium-font-size has-very-dark-gray-color\">El tercero \u2013que tambi\u00e9n fue percibido por los vecinos del lugar- ocurri\u00f3 el 18 de diciembre, a las 16, a 29 km al Norte de A\u00f1elo. Su magnitud fue de 3.6 ML y su profundidad de 5,8 km.<\/p>\n\n\n\n<p class=\"has-text-color has-medium-font-size has-very-dark-gray-color\">El 20 de diciembre, a las 18:18, se registr\u00f3 el cuarto sismo, a 30 km al Norte de A\u00f1elo. Su magnitud fue de 3.1 ML y su profundidad de 4,8 km. Como si fuera poco, desde Red Geo Chile aseguraron que este evento corresponde a una r\u00e9plica del sismo de 3.9 Richter ocurrido el 15 de diciembre.<\/p>\n\n\n\n<figure class=\"wp-block-image\"><a href=\"https:\/\/twitter.com\/RedGeoChile\"><img decoding=\"async\" src=\"https:\/\/pbs.twimg.com\/profile_images\/1207758622505046018\/_aWgpGYj_normal.jpg\" alt=\"\"\/><\/a><\/figure>\n\n\n\n<p><a href=\"https:\/\/twitter.com\/RedGeoChile\"><strong>Red Geocient\u00edfica de Chile<\/strong>@RedGeoChile<\/a><a href=\"https:\/\/twitter.com\/RedGeoChile\/status\/1208241003003600900\"><\/a><\/p>\n\n\n\n<p>Par\u00e1metros finales de sismo detectado en la Provincia del Neuqu\u00e9n, Argentina:<br><br>FECHA LOCAL: 20\/12\/2019 <br>HORA LOCAL: 18:18:34<br>LATITUD: -38.088<br>LONGITUD: -68.719<br>MAGNITUD: 3.1 Ml<br>REFERENCIA: 30 km al N de A\u00f1elo, Neuqu\u00e9n, Argentina.<br>PROFUNDIDAD: 4.8 km<br>INTENSIDAD: Sin reportes<\/p>\n\n\n\n<figure class=\"wp-block-image\"><a href=\"https:\/\/twitter.com\/RedGeoChile\/status\/1208241003003600900\/photo\/1\"><img decoding=\"async\" src=\"https:\/\/pbs.twimg.com\/media\/EMSIyGwWoAA6Y9b?format=jpg&amp;name=small\" alt=\"Ver imagen en Twitter\"\/><\/a><\/figure>\n\n\n\n<p><a href=\"https:\/\/twitter.com\/intent\/like?tweet_id=1208241003003600900\">14<\/a><a href=\"https:\/\/twitter.com\/RedGeoChile\/status\/1208241003003600900\">1:21 &#8211; 21 dic. 2019<\/a><a href=\"https:\/\/support.twitter.com\/articles\/20175256\">Informaci\u00f3n y privacidad de Twitter Ads<\/a><a href=\"https:\/\/twitter.com\/RedGeoChile\">Ver los otros Tweets de Red Geocient\u00edfica de Chile<\/a><\/p>\n\n\n\n<p>En tanto, ayer por la ma\u00f1ana, se registraron otros dos, a las 08:15 y a las 08:55. Mientras el primero tuvo lugar a 31 km al Norte de A\u00f1elo, con una magnitud de 2.4 ML y una profundidad de 5,5 km, el segundo ocurri\u00f3 a 32 km al Norte de A\u00f1elo, con una magnitud de 2.5 ML y una profundidad de 6,8 km.<\/p>\n\n\n\n<figure class=\"wp-block-image\"><a href=\"https:\/\/twitter.com\/RedGeoChile\"><img decoding=\"async\" src=\"https:\/\/pbs.twimg.com\/profile_images\/1207758622505046018\/_aWgpGYj_normal.jpg\" alt=\"\"\/><\/a><\/figure>\n\n\n\n<p><a href=\"https:\/\/twitter.com\/RedGeoChile\"><strong>Red Geocient\u00edfica de Chile<\/strong>@RedGeoChile<\/a>&nbsp;\u00b7&nbsp;<a href=\"https:\/\/twitter.com\/RedGeoChile\/status\/1208241003003600900\">21 dic. 2019<\/a><a href=\"https:\/\/twitter.com\/RedGeoChile\/status\/1208241003003600900\"><\/a><\/p>\n\n\n\n<p>Par\u00e1metros finales de sismo detectado en la Provincia del Neuqu\u00e9n, Argentina:<br><br>FECHA LOCAL: 20\/12\/2019 <br>HORA LOCAL: 18:18:34<br>LATITUD: -38.088<br>LONGITUD: -68.719<br>MAGNITUD: 3.1 Ml<br>REFERENCIA: 30 km al N de A\u00f1elo, Neuqu\u00e9n, Argentina.<br>PROFUNDIDAD: 4.8 km<br>INTENSIDAD: Sin reportes<\/p>\n\n\n\n<figure class=\"wp-block-image\"><a href=\"https:\/\/twitter.com\/RedGeoChile\/status\/1208241003003600900\/photo\/1\"><img decoding=\"async\" src=\"https:\/\/pbs.twimg.com\/media\/EMSIyGwWoAA6Y9b?format=jpg&amp;name=small\" alt=\"Ver imagen en Twitter\"\/><\/a><\/figure>\n\n\n\n<figure class=\"wp-block-image\"><a href=\"https:\/\/twitter.com\/RedGeoChile\"><img decoding=\"async\" src=\"https:\/\/pbs.twimg.com\/profile_images\/1207758622505046018\/_aWgpGYj_normal.jpg\" alt=\"\"\/><\/a><\/figure>\n\n\n\n<p><a href=\"https:\/\/twitter.com\/RedGeoChile\"><strong>Red Geocient\u00edfica de Chile<\/strong>@RedGeoChile<\/a><\/p>\n\n\n\n<p>Hace instantes registramos otra r\u00e9plica en la zona. Ac\u00e1 se presentan los par\u00e1metros:<br><br>FECHA LOCAL: 21\/12\/2019<br>HORA LOCAL: 08:55:59<br>LATITUD: -38.067<br>LONGITUD: -68.765<br>MAGNITUD: 2.5 Ml<br>REFERENCIA: 32 km al N de A\u00f1elo, Neuqu\u00e9n, Argentina<br>PROFUNDIDAD: 6.8 km<br>INTENSIDAD: Sin reportes<\/p>\n\n\n\n<figure class=\"wp-block-image\"><a href=\"https:\/\/twitter.com\/RedGeoChile\/status\/1208374618618318848\/photo\/1\"><img decoding=\"async\" src=\"https:\/\/pbs.twimg.com\/media\/EMUCTm1XYAAT2ha?format=jpg&amp;name=small\" alt=\"Ver imagen en Twitter\"\/><\/a><\/figure>\n\n\n\n<p><a href=\"https:\/\/twitter.com\/intent\/like?tweet_id=1208374618618318848\"><\/a><a href=\"https:\/\/twitter.com\/RedGeoChile\/status\/1208374618618318848\">10:12 &#8211; 21 dic. 2019<\/a><a href=\"https:\/\/support.twitter.com\/articles\/20175256\">Informaci\u00f3n y privacidad de Twitter Ads<\/a><a href=\"https:\/\/twitter.com\/RedGeoChile\">Ver los otros Tweets de Red Geocient\u00edfica de Chile<br>\n\n<\/a><\/p>\n\n\n\n<p><br><\/p>\n","protected":false},"excerpt":{"rendered":"<p>Seg\u00fan la informaci\u00f3n publicada en Red Geo Chile, el primero de ellos tuvo lugar el&#8230;<\/p>\n","protected":false},"author":1,"featured_media":9231,"comment_status":"open","ping_status":"open","sticky":false,"template":"","format":"standard","meta":{"footnotes":""},"categories":[31],"tags":[],"class_list":["post-9230","post","type-post","status-publish","format-standard","has-post-thumbnail","hentry","category-provincia"],"_links":{"self":[{"href":"https:\/\/zapala8340.com.ar\/index.php?rest_route=\/wp\/v2\/posts\/9230"}],"collection":[{"href":"https:\/\/zapala8340.com.ar\/index.php?rest_route=\/wp\/v2\/posts"}],"about":[{"href":"https:\/\/zapala8340.com.ar\/index.php?rest_route=\/wp\/v2\/types\/post"}],"author":[{"embeddable":true,"href":"https:\/\/zapala8340.com.ar\/index.php?rest_route=\/wp\/v2\/users\/1"}],"replies":[{"embeddable":true,"href":"https:\/\/zapala8340.com.ar\/index.php?rest_route=%2Fwp%2Fv2%2Fcomments&post=9230"}],"version-history":[{"count":1,"href":"https:\/\/zapala8340.com.ar\/index.php?rest_route=\/wp\/v2\/posts\/9230\/revisions"}],"predecessor-version":[{"id":9232,"href":"https:\/\/zapala8340.com.ar\/index.php?rest_route=\/wp\/v2\/posts\/9230\/revisions\/9232"}],"wp:featuredmedia":[{"embeddable":true,"href":"https:\/\/zapala8340.com.ar\/index.php?rest_route=\/wp\/v2\/media\/9231"}],"wp:attachment":[{"href":"https:\/\/zapala8340.com.ar\/index.php?rest_route=%2Fwp%2Fv2%2Fmedia&parent=9230"}],"wp:term":[{"taxonomy":"category","embeddable":true,"href":"https:\/\/zapala8340.com.ar\/index.php?rest_route=%2Fwp%2Fv2%2Fcategories&post=9230"},{"taxonomy":"post_tag","embeddable":true,"href":"https:\/\/zapala8340.com.ar\/index.php?rest_route=%2Fwp%2Fv2%2Ftags&post=9230"}],"curies":[{"name":"wp","href":"https:\/\/api.w.org\/{rel}","templated":true}]}}