{"id":9240,"date":"2019-12-22T22:27:54","date_gmt":"2019-12-23T01:27:54","guid":{"rendered":"http:\/\/zapala8340.com.ar\/?p=9240"},"modified":"2019-12-22T22:27:55","modified_gmt":"2019-12-23T01:27:55","slug":"cual-es-el-horario-de-cierre-de-los-comercios-en-las-fiestas","status":"publish","type":"post","link":"https:\/\/zapala8340.com.ar\/?p=9240","title":{"rendered":"Cu\u00e1l es el horario de cierre de los comercios en las fiestas"},"content":{"rendered":"\n<p class=\"has-text-color has-medium-font-size has-very-dark-gray-color\">Neuqu\u00e9n.- El Centro de Empleados de Comercio de Neuqu\u00e9n y ACIPAN dieron a conocer el horario de cierre de los comercios para los d\u00edas 24 y 31 de Diciembre de 2019.<br>Grandes Superficies (Shoppings, Super e Hipermercados, Mercados Mayoristas):<br>El 24 de Diciembre cerrar\u00e1n sus puertas a las 14hs.<br>El 31 de Diciembre a las 12hs.<br>El peque\u00f1o comercio lo har\u00e1:<br>El 24 de Diciembre a las 16hs.<br>El 31 de Diciembre a las 13hs.<br>La iniciativa permitir\u00e1 a los empleados mercantiles llegar a tiempo para compartir con sus familias los preparativos de la celebraci\u00f3n de las fiestas, siendo nuestro sindicato referente una vez m\u00e1s a nivel nacional.<br>Desde el Centro de Empleados de Comercio de Neuqu\u00e9n, se recuerda y hace hincapi\u00e9 a los vecinos que organicen sus compras con previsi\u00f3n para no generar apremios frente a los preparativos de las fiestas<\/p>\n","protected":false},"excerpt":{"rendered":"<p>Neuqu\u00e9n.- El Centro de Empleados de Comercio de Neuqu\u00e9n y ACIPAN dieron a conocer el&#8230;<\/p>\n","protected":false},"author":1,"featured_media":9241,"comment_status":"open","ping_status":"open","sticky":false,"template":"","format":"standard","meta":{"footnotes":""},"categories":[31],"tags":[],"class_list":["post-9240","post","type-post","status-publish","format-standard","has-post-thumbnail","hentry","category-provincia"],"_links":{"self":[{"href":"https:\/\/zapala8340.com.ar\/index.php?rest_route=\/wp\/v2\/posts\/9240"}],"collection":[{"href":"https:\/\/zapala8340.com.ar\/index.php?rest_route=\/wp\/v2\/posts"}],"about":[{"href":"https:\/\/zapala8340.com.ar\/index.php?rest_route=\/wp\/v2\/types\/post"}],"author":[{"embeddable":true,"href":"https:\/\/zapala8340.com.ar\/index.php?rest_route=\/wp\/v2\/users\/1"}],"replies":[{"embeddable":true,"href":"https:\/\/zapala8340.com.ar\/index.php?rest_route=%2Fwp%2Fv2%2Fcomments&post=9240"}],"version-history":[{"count":1,"href":"https:\/\/zapala8340.com.ar\/index.php?rest_route=\/wp\/v2\/posts\/9240\/revisions"}],"predecessor-version":[{"id":9242,"href":"https:\/\/zapala8340.com.ar\/index.php?rest_route=\/wp\/v2\/posts\/9240\/revisions\/9242"}],"wp:featuredmedia":[{"embeddable":true,"href":"https:\/\/zapala8340.com.ar\/index.php?rest_route=\/wp\/v2\/media\/9241"}],"wp:attachment":[{"href":"https:\/\/zapala8340.com.ar\/index.php?rest_route=%2Fwp%2Fv2%2Fmedia&parent=9240"}],"wp:term":[{"taxonomy":"category","embeddable":true,"href":"https:\/\/zapala8340.com.ar\/index.php?rest_route=%2Fwp%2Fv2%2Fcategories&post=9240"},{"taxonomy":"post_tag","embeddable":true,"href":"https:\/\/zapala8340.com.ar\/index.php?rest_route=%2Fwp%2Fv2%2Ftags&post=9240"}],"curies":[{"name":"wp","href":"https:\/\/api.w.org\/{rel}","templated":true}]}}