{"id":9313,"date":"2020-01-01T12:03:09","date_gmt":"2020-01-01T15:03:09","guid":{"rendered":"http:\/\/zapala8340.com.ar\/?p=9313"},"modified":"2020-01-01T12:03:11","modified_gmt":"2020-01-01T15:03:11","slug":"el-primer-bebe-del-2020-nacio-en-salta","status":"publish","type":"post","link":"https:\/\/zapala8340.com.ar\/?p=9313","title":{"rendered":"El primer beb\u00e9 del 2020 naci\u00f3 en Salta"},"content":{"rendered":"\n<p class=\"has-text-color has-medium-font-size has-very-dark-gray-color\">El parto sucedi\u00f3 a las 00.06 en el . El ni\u00f1o se llama Sebasti\u00e1n Tom\u00e1s.<\/p>\n\n\n\n<p class=\"has-text-color has-medium-font-size has-very-dark-gray-color\">A las 00.06 de este 1 de enero, Ana Gabriela dio a luz a Sebasti\u00e1n Tom\u00e1s en el Hospital Materno Infantil de\u00a0Salta\u00a0en el primer nacimiento del 2020 en Argentina.<\/p>\n\n\n\n<p class=\"has-text-color has-medium-font-size has-very-dark-gray-color\">El beb\u00e9 pesa 3,890 kilos y mide 48,5 cm. La paciente fue asistida por la Licenciada en Obstetricia Andrea Alan\u00eds, los toc\u00f3ginec\u00f3logos: Constanza Cabezas, Leonor Mentesana, Jos\u00e9 Luis Boglioli y Noelia Paredes.<\/p>\n\n\n\n<p>La mam\u00e1 y el beb\u00e9 se encuentran en perfecto estado de salud, en internaci\u00f3n conjunta, con lactancia materna exclusiva a la espera de los controles de las pr\u00f3ximas 24 horas en caso de evoluci\u00f3n normal.<\/p>\n\n\n\n<p>Ana Gabriela ingres\u00f3 con un embarazo de 40 semanas por emergencia ginecoobstetr\u00edca a las 10.30 de la ma\u00f1ana donde estuvo en observaci\u00f3n hasta las 17.30 que pas\u00f3 a sala de parto.<\/p>\n\n\n\n<p>La madre primeriza eligi\u00f3 hacer todo el trabajo de parto en compa\u00f1\u00eda, Eduvid, su mam\u00e1. Si bien fue parto normal, el beb\u00e9 al nacer ten\u00eda doble circular del cord\u00f3n umbilical en el cuello lo que implic\u00f3 que deb\u00eda recibir ox\u00edgeno, sin mayores complicaciones.<\/p>\n\n\n\n<p>Las Neonat\u00f3logas Gabriela Aranda y Gabriela Montenegro, las enfermeras Berta Canavides y Gabriela Ovejero, y Claudia Mart\u00ednez realizaron la identificaci\u00f3n del reci\u00e9n nacido.<\/p>\n\n\n\n<p><br><\/p>\n","protected":false},"excerpt":{"rendered":"<p>El parto sucedi\u00f3 a las 00.06 en el . El ni\u00f1o se llama Sebasti\u00e1n Tom\u00e1s&#8230;.<\/p>\n","protected":false},"author":1,"featured_media":9314,"comment_status":"open","ping_status":"open","sticky":false,"template":"","format":"standard","meta":{"footnotes":""},"categories":[4],"tags":[],"class_list":["post-9313","post","type-post","status-publish","format-standard","has-post-thumbnail","hentry","category-nacionales"],"_links":{"self":[{"href":"https:\/\/zapala8340.com.ar\/index.php?rest_route=\/wp\/v2\/posts\/9313"}],"collection":[{"href":"https:\/\/zapala8340.com.ar\/index.php?rest_route=\/wp\/v2\/posts"}],"about":[{"href":"https:\/\/zapala8340.com.ar\/index.php?rest_route=\/wp\/v2\/types\/post"}],"author":[{"embeddable":true,"href":"https:\/\/zapala8340.com.ar\/index.php?rest_route=\/wp\/v2\/users\/1"}],"replies":[{"embeddable":true,"href":"https:\/\/zapala8340.com.ar\/index.php?rest_route=%2Fwp%2Fv2%2Fcomments&post=9313"}],"version-history":[{"count":1,"href":"https:\/\/zapala8340.com.ar\/index.php?rest_route=\/wp\/v2\/posts\/9313\/revisions"}],"predecessor-version":[{"id":9315,"href":"https:\/\/zapala8340.com.ar\/index.php?rest_route=\/wp\/v2\/posts\/9313\/revisions\/9315"}],"wp:featuredmedia":[{"embeddable":true,"href":"https:\/\/zapala8340.com.ar\/index.php?rest_route=\/wp\/v2\/media\/9314"}],"wp:attachment":[{"href":"https:\/\/zapala8340.com.ar\/index.php?rest_route=%2Fwp%2Fv2%2Fmedia&parent=9313"}],"wp:term":[{"taxonomy":"category","embeddable":true,"href":"https:\/\/zapala8340.com.ar\/index.php?rest_route=%2Fwp%2Fv2%2Fcategories&post=9313"},{"taxonomy":"post_tag","embeddable":true,"href":"https:\/\/zapala8340.com.ar\/index.php?rest_route=%2Fwp%2Fv2%2Ftags&post=9313"}],"curies":[{"name":"wp","href":"https:\/\/api.w.org\/{rel}","templated":true}]}}